{"id":5034,"date":"2018-12-13T05:42:22","date_gmt":"2018-12-13T05:42:22","guid":{"rendered":"http:\/\/camposcorporacion.com\/desarrollo-experimental-cofinanciado-fondo-europeo-desarrollo-regional\/"},"modified":"2024-04-16T09:15:11","modified_gmt":"2024-04-16T09:15:11","slug":"desarrollo-experimental-cofinanciado-fondo-europeo-desarrollo-regional","status":"publish","type":"post","link":"https:\/\/camposcorporacion.com\/en\/desarrollo-experimental-cofinanciado-fondo-europeo-desarrollo-regional\/","title":{"rendered":"Nuevo desarrollo experimental cofinanciado por el Fondo Europeo de Desarrollo Regional"},"content":{"rendered":"<p><span class=\"s1\"><b><a href=\"https:\/\/www.atborealis.com\/\">Borealis Energ\u00eda T\u00e9rmica<\/a> S.L. ha llevado a cabo un nuevo proyecto, denominado \u00abBorecham\u00bb, basado en el desarrollo experimental de un nuevo sistema aut\u00f3nomo y transportable para el tratamiento termohigrom\u00e9trico y sanitario de t\u00faneles de cultivo destinados a hongos.<\/b><\/span><\/p>\n<p><span class=\"s1\"><b>La empresa ha sido\u00a0<\/b><\/span><span class=\"s1\"><b>beneficiaria de las subvenciones de la Junta de Comunidades de Castilla La Mancha, en concreto de las Ayudas Innova-Adelante.\u00a0<\/b><\/span><span class=\"s1\"><b>El proyecto\/Actuaci\u00f3n ha sido incentivado con una subvenci\u00f3n cofinanciada en un 80% por el Fondo Europeo de Desarrollo Regional.<\/b><\/span><\/p>\n<p class=\"p8\"><a class=\"dt-single-image\" href=\"https:\/\/www.atborealis.com\/wp-content\/uploads\/2018\/12\/Imagen-A4.jpg\" data-dt-img-description=\"\"><img loading=\"lazy\" decoding=\"async\" class=\"size-medium wp-image-907 aligncenter\" src=\"http:\/\/camposcorporacion.com\/wp-content\/uploads\/2018\/12\/Imagen-A4-212x300.jpg\" sizes=\"auto, (max-width: 212px) 100vw, 212px\" alt=\"\" width=\"212\" height=\"300\" \/><\/a><\/p>\n","protected":false},"excerpt":{"rendered":"<p>Borealis Energ\u00eda T\u00e9rmica S.L. ha llevado a cabo un nuevo proyecto, denominado \u00abBorecham\u00bb, basado en el desarrollo experimental de un [&hellip;]<\/p>\n","protected":false},"author":2,"featured_media":5210,"comment_status":"closed","ping_status":"closed","sticky":false,"template":"","format":"image","meta":{"footnotes":""},"categories":[89],"tags":[],"class_list":["post-5034","post","type-post","status-publish","format-image","has-post-thumbnail","hentry","category-climatizacion","post_format-post-format-image"],"yoast_head":"<!-- This site is optimized with the Yoast SEO plugin v27.3 - https:\/\/yoast.com\/product\/yoast-seo-wordpress\/ -->\n<title>Nuevo desarrollo experimental cofinanciado por el Fondo Europeo de Desarrollo Regional - Campos<\/title>\n<meta name=\"robots\" content=\"index, follow, max-snippet:-1, max-image-preview:large, max-video-preview:-1\" \/>\n<link rel=\"canonical\" href=\"https:\/\/camposcorporacion.com\/desarrollo-experimental-cofinanciado-fondo-europeo-desarrollo-regional\/\" \/>\n<meta property=\"og:locale\" content=\"en_US\" \/>\n<meta property=\"og:type\" content=\"article\" \/>\n<meta property=\"og:title\" content=\"Nuevo desarrollo experimental cofinanciado por el Fondo Europeo de Desarrollo Regional - Campos\" \/>\n<meta property=\"og:description\" content=\"Borealis Energ\u00eda T\u00e9rmica S.L. ha llevado a cabo un nuevo proyecto, denominado \u00abBorecham\u00bb, basado en el desarrollo experimental de un [&hellip;]\" \/>\n<meta property=\"og:url\" content=\"https:\/\/camposcorporacion.com\/desarrollo-experimental-cofinanciado-fondo-europeo-desarrollo-regional\/\" \/>\n<meta property=\"og:site_name\" content=\"Campos\" \/>\n<meta property=\"article:published_time\" content=\"2018-12-13T05:42:22+00:00\" \/>\n<meta property=\"article:modified_time\" content=\"2024-04-16T09:15:11+00:00\" \/>\n<meta property=\"og:image\" content=\"https:\/\/camposcorporacion.com\/wp-content\/uploads\/2018\/12\/desarrollo-experimental-cofinanciado-fondo-europeo-desarrollo-regional.jpg\" \/>\n\t<meta property=\"og:image:width\" content=\"1083\" \/>\n\t<meta property=\"og:image:height\" content=\"567\" \/>\n\t<meta property=\"og:image:type\" content=\"image\/jpeg\" \/>\n<meta name=\"author\" content=\"Campos\" \/>\n<meta name=\"twitter:card\" content=\"summary_large_image\" \/>\n<meta name=\"twitter:label1\" content=\"Written by\" \/>\n\t<meta name=\"twitter:data1\" content=\"Campos\" \/>\n\t<meta name=\"twitter:label2\" content=\"Est. reading time\" \/>\n\t<meta name=\"twitter:data2\" content=\"1 minute\" \/>\n<script type=\"application\/ld+json\" class=\"yoast-schema-graph\">{\"@context\":\"https:\\\/\\\/schema.org\",\"@graph\":[{\"@type\":\"Article\",\"@id\":\"https:\\\/\\\/camposcorporacion.com\\\/desarrollo-experimental-cofinanciado-fondo-europeo-desarrollo-regional\\\/#article\",\"isPartOf\":{\"@id\":\"https:\\\/\\\/camposcorporacion.com\\\/desarrollo-experimental-cofinanciado-fondo-europeo-desarrollo-regional\\\/\"},\"author\":{\"name\":\"Campos\",\"@id\":\"https:\\\/\\\/camposcorporacion.com\\\/#\\\/schema\\\/person\\\/28c4749bffada975dd2d764fd4efd894\"},\"headline\":\"Nuevo desarrollo experimental cofinanciado por el Fondo Europeo de Desarrollo Regional\",\"datePublished\":\"2018-12-13T05:42:22+00:00\",\"dateModified\":\"2024-04-16T09:15:11+00:00\",\"mainEntityOfPage\":{\"@id\":\"https:\\\/\\\/camposcorporacion.com\\\/desarrollo-experimental-cofinanciado-fondo-europeo-desarrollo-regional\\\/\"},\"wordCount\":99,\"publisher\":{\"@id\":\"https:\\\/\\\/camposcorporacion.com\\\/#organization\"},\"image\":{\"@id\":\"https:\\\/\\\/camposcorporacion.com\\\/desarrollo-experimental-cofinanciado-fondo-europeo-desarrollo-regional\\\/#primaryimage\"},\"thumbnailUrl\":\"https:\\\/\\\/camposcorporacion.com\\\/wp-content\\\/uploads\\\/2018\\\/12\\\/desarrollo-experimental-cofinanciado-fondo-europeo-desarrollo-regional.jpg\",\"articleSection\":[\"Climatizaci\u00f3n\"],\"inLanguage\":\"en-US\"},{\"@type\":\"WebPage\",\"@id\":\"https:\\\/\\\/camposcorporacion.com\\\/desarrollo-experimental-cofinanciado-fondo-europeo-desarrollo-regional\\\/\",\"url\":\"https:\\\/\\\/camposcorporacion.com\\\/desarrollo-experimental-cofinanciado-fondo-europeo-desarrollo-regional\\\/\",\"name\":\"Nuevo desarrollo experimental cofinanciado por el Fondo Europeo de Desarrollo Regional - Campos\",\"isPartOf\":{\"@id\":\"https:\\\/\\\/camposcorporacion.com\\\/#website\"},\"primaryImageOfPage\":{\"@id\":\"https:\\\/\\\/camposcorporacion.com\\\/desarrollo-experimental-cofinanciado-fondo-europeo-desarrollo-regional\\\/#primaryimage\"},\"image\":{\"@id\":\"https:\\\/\\\/camposcorporacion.com\\\/desarrollo-experimental-cofinanciado-fondo-europeo-desarrollo-regional\\\/#primaryimage\"},\"thumbnailUrl\":\"https:\\\/\\\/camposcorporacion.com\\\/wp-content\\\/uploads\\\/2018\\\/12\\\/desarrollo-experimental-cofinanciado-fondo-europeo-desarrollo-regional.jpg\",\"datePublished\":\"2018-12-13T05:42:22+00:00\",\"dateModified\":\"2024-04-16T09:15:11+00:00\",\"inLanguage\":\"en-US\",\"potentialAction\":[{\"@type\":\"ReadAction\",\"target\":[\"https:\\\/\\\/camposcorporacion.com\\\/desarrollo-experimental-cofinanciado-fondo-europeo-desarrollo-regional\\\/\"]}]},{\"@type\":\"ImageObject\",\"inLanguage\":\"en-US\",\"@id\":\"https:\\\/\\\/camposcorporacion.com\\\/desarrollo-experimental-cofinanciado-fondo-europeo-desarrollo-regional\\\/#primaryimage\",\"url\":\"https:\\\/\\\/camposcorporacion.com\\\/wp-content\\\/uploads\\\/2018\\\/12\\\/desarrollo-experimental-cofinanciado-fondo-europeo-desarrollo-regional.jpg\",\"contentUrl\":\"https:\\\/\\\/camposcorporacion.com\\\/wp-content\\\/uploads\\\/2018\\\/12\\\/desarrollo-experimental-cofinanciado-fondo-europeo-desarrollo-regional.jpg\",\"width\":1083,\"height\":567},{\"@type\":\"WebSite\",\"@id\":\"https:\\\/\\\/camposcorporacion.com\\\/#website\",\"url\":\"https:\\\/\\\/camposcorporacion.com\\\/\",\"name\":\"Campos\",\"description\":\"\",\"publisher\":{\"@id\":\"https:\\\/\\\/camposcorporacion.com\\\/#organization\"},\"potentialAction\":[{\"@type\":\"SearchAction\",\"target\":{\"@type\":\"EntryPoint\",\"urlTemplate\":\"https:\\\/\\\/camposcorporacion.com\\\/?s={search_term_string}\"},\"query-input\":{\"@type\":\"PropertyValueSpecification\",\"valueRequired\":true,\"valueName\":\"search_term_string\"}}],\"inLanguage\":\"en-US\"},{\"@type\":\"Organization\",\"@id\":\"https:\\\/\\\/camposcorporacion.com\\\/#organization\",\"name\":\"Campos Corporaci\u00f3n\",\"alternateName\":\"Campos\",\"url\":\"https:\\\/\\\/camposcorporacion.com\\\/\",\"logo\":{\"@type\":\"ImageObject\",\"inLanguage\":\"en-US\",\"@id\":\"https:\\\/\\\/camposcorporacion.com\\\/#\\\/schema\\\/logo\\\/image\\\/\",\"url\":\"https:\\\/\\\/camposcorporacion.com\\\/wp-content\\\/uploads\\\/2026\\\/03\\\/campos-yoast.png\",\"contentUrl\":\"https:\\\/\\\/camposcorporacion.com\\\/wp-content\\\/uploads\\\/2026\\\/03\\\/campos-yoast.png\",\"width\":696,\"height\":696,\"caption\":\"Campos Corporaci\u00f3n\"},\"image\":{\"@id\":\"https:\\\/\\\/camposcorporacion.com\\\/#\\\/schema\\\/logo\\\/image\\\/\"}},{\"@type\":\"Person\",\"@id\":\"https:\\\/\\\/camposcorporacion.com\\\/#\\\/schema\\\/person\\\/28c4749bffada975dd2d764fd4efd894\",\"name\":\"Campos\",\"image\":{\"@type\":\"ImageObject\",\"inLanguage\":\"en-US\",\"@id\":\"https:\\\/\\\/secure.gravatar.com\\\/avatar\\\/348e3148e60a9d417f4c7f711aaf87be299fbcf0e73ff7db0a825e5c3ff7d166?s=96&d=mm&r=g\",\"url\":\"https:\\\/\\\/secure.gravatar.com\\\/avatar\\\/348e3148e60a9d417f4c7f711aaf87be299fbcf0e73ff7db0a825e5c3ff7d166?s=96&d=mm&r=g\",\"contentUrl\":\"https:\\\/\\\/secure.gravatar.com\\\/avatar\\\/348e3148e60a9d417f4c7f711aaf87be299fbcf0e73ff7db0a825e5c3ff7d166?s=96&d=mm&r=g\",\"caption\":\"Campos\"}}]}<\/script>\n<!-- \/ Yoast SEO plugin. -->","yoast_head_json":{"title":"Nuevo desarrollo experimental cofinanciado por el Fondo Europeo de Desarrollo Regional - Campos","robots":{"index":"index","follow":"follow","max-snippet":"max-snippet:-1","max-image-preview":"max-image-preview:large","max-video-preview":"max-video-preview:-1"},"canonical":"https:\/\/camposcorporacion.com\/desarrollo-experimental-cofinanciado-fondo-europeo-desarrollo-regional\/","og_locale":"en_US","og_type":"article","og_title":"Nuevo desarrollo experimental cofinanciado por el Fondo Europeo de Desarrollo Regional - Campos","og_description":"Borealis Energ\u00eda T\u00e9rmica S.L. ha llevado a cabo un nuevo proyecto, denominado \u00abBorecham\u00bb, basado en el desarrollo experimental de un [&hellip;]","og_url":"https:\/\/camposcorporacion.com\/desarrollo-experimental-cofinanciado-fondo-europeo-desarrollo-regional\/","og_site_name":"Campos","article_published_time":"2018-12-13T05:42:22+00:00","article_modified_time":"2024-04-16T09:15:11+00:00","og_image":[{"width":1083,"height":567,"url":"https:\/\/camposcorporacion.com\/wp-content\/uploads\/2018\/12\/desarrollo-experimental-cofinanciado-fondo-europeo-desarrollo-regional.jpg","type":"image\/jpeg"}],"author":"Campos","twitter_card":"summary_large_image","twitter_misc":{"Written by":"Campos","Est. reading time":"1 minute"},"schema":{"@context":"https:\/\/schema.org","@graph":[{"@type":"Article","@id":"https:\/\/camposcorporacion.com\/desarrollo-experimental-cofinanciado-fondo-europeo-desarrollo-regional\/#article","isPartOf":{"@id":"https:\/\/camposcorporacion.com\/desarrollo-experimental-cofinanciado-fondo-europeo-desarrollo-regional\/"},"author":{"name":"Campos","@id":"https:\/\/camposcorporacion.com\/#\/schema\/person\/28c4749bffada975dd2d764fd4efd894"},"headline":"Nuevo desarrollo experimental cofinanciado por el Fondo Europeo de Desarrollo Regional","datePublished":"2018-12-13T05:42:22+00:00","dateModified":"2024-04-16T09:15:11+00:00","mainEntityOfPage":{"@id":"https:\/\/camposcorporacion.com\/desarrollo-experimental-cofinanciado-fondo-europeo-desarrollo-regional\/"},"wordCount":99,"publisher":{"@id":"https:\/\/camposcorporacion.com\/#organization"},"image":{"@id":"https:\/\/camposcorporacion.com\/desarrollo-experimental-cofinanciado-fondo-europeo-desarrollo-regional\/#primaryimage"},"thumbnailUrl":"https:\/\/camposcorporacion.com\/wp-content\/uploads\/2018\/12\/desarrollo-experimental-cofinanciado-fondo-europeo-desarrollo-regional.jpg","articleSection":["Climatizaci\u00f3n"],"inLanguage":"en-US"},{"@type":"WebPage","@id":"https:\/\/camposcorporacion.com\/desarrollo-experimental-cofinanciado-fondo-europeo-desarrollo-regional\/","url":"https:\/\/camposcorporacion.com\/desarrollo-experimental-cofinanciado-fondo-europeo-desarrollo-regional\/","name":"Nuevo desarrollo experimental cofinanciado por el Fondo Europeo de Desarrollo Regional - Campos","isPartOf":{"@id":"https:\/\/camposcorporacion.com\/#website"},"primaryImageOfPage":{"@id":"https:\/\/camposcorporacion.com\/desarrollo-experimental-cofinanciado-fondo-europeo-desarrollo-regional\/#primaryimage"},"image":{"@id":"https:\/\/camposcorporacion.com\/desarrollo-experimental-cofinanciado-fondo-europeo-desarrollo-regional\/#primaryimage"},"thumbnailUrl":"https:\/\/camposcorporacion.com\/wp-content\/uploads\/2018\/12\/desarrollo-experimental-cofinanciado-fondo-europeo-desarrollo-regional.jpg","datePublished":"2018-12-13T05:42:22+00:00","dateModified":"2024-04-16T09:15:11+00:00","inLanguage":"en-US","potentialAction":[{"@type":"ReadAction","target":["https:\/\/camposcorporacion.com\/desarrollo-experimental-cofinanciado-fondo-europeo-desarrollo-regional\/"]}]},{"@type":"ImageObject","inLanguage":"en-US","@id":"https:\/\/camposcorporacion.com\/desarrollo-experimental-cofinanciado-fondo-europeo-desarrollo-regional\/#primaryimage","url":"https:\/\/camposcorporacion.com\/wp-content\/uploads\/2018\/12\/desarrollo-experimental-cofinanciado-fondo-europeo-desarrollo-regional.jpg","contentUrl":"https:\/\/camposcorporacion.com\/wp-content\/uploads\/2018\/12\/desarrollo-experimental-cofinanciado-fondo-europeo-desarrollo-regional.jpg","width":1083,"height":567},{"@type":"WebSite","@id":"https:\/\/camposcorporacion.com\/#website","url":"https:\/\/camposcorporacion.com\/","name":"Campos","description":"","publisher":{"@id":"https:\/\/camposcorporacion.com\/#organization"},"potentialAction":[{"@type":"SearchAction","target":{"@type":"EntryPoint","urlTemplate":"https:\/\/camposcorporacion.com\/?s={search_term_string}"},"query-input":{"@type":"PropertyValueSpecification","valueRequired":true,"valueName":"search_term_string"}}],"inLanguage":"en-US"},{"@type":"Organization","@id":"https:\/\/camposcorporacion.com\/#organization","name":"Campos Corporaci\u00f3n","alternateName":"Campos","url":"https:\/\/camposcorporacion.com\/","logo":{"@type":"ImageObject","inLanguage":"en-US","@id":"https:\/\/camposcorporacion.com\/#\/schema\/logo\/image\/","url":"https:\/\/camposcorporacion.com\/wp-content\/uploads\/2026\/03\/campos-yoast.png","contentUrl":"https:\/\/camposcorporacion.com\/wp-content\/uploads\/2026\/03\/campos-yoast.png","width":696,"height":696,"caption":"Campos Corporaci\u00f3n"},"image":{"@id":"https:\/\/camposcorporacion.com\/#\/schema\/logo\/image\/"}},{"@type":"Person","@id":"https:\/\/camposcorporacion.com\/#\/schema\/person\/28c4749bffada975dd2d764fd4efd894","name":"Campos","image":{"@type":"ImageObject","inLanguage":"en-US","@id":"https:\/\/secure.gravatar.com\/avatar\/348e3148e60a9d417f4c7f711aaf87be299fbcf0e73ff7db0a825e5c3ff7d166?s=96&d=mm&r=g","url":"https:\/\/secure.gravatar.com\/avatar\/348e3148e60a9d417f4c7f711aaf87be299fbcf0e73ff7db0a825e5c3ff7d166?s=96&d=mm&r=g","contentUrl":"https:\/\/secure.gravatar.com\/avatar\/348e3148e60a9d417f4c7f711aaf87be299fbcf0e73ff7db0a825e5c3ff7d166?s=96&d=mm&r=g","caption":"Campos"}}]}},"_links":{"self":[{"href":"https:\/\/camposcorporacion.com\/en\/wp-json\/wp\/v2\/posts\/5034","targetHints":{"allow":["GET"]}}],"collection":[{"href":"https:\/\/camposcorporacion.com\/en\/wp-json\/wp\/v2\/posts"}],"about":[{"href":"https:\/\/camposcorporacion.com\/en\/wp-json\/wp\/v2\/types\/post"}],"author":[{"embeddable":true,"href":"https:\/\/camposcorporacion.com\/en\/wp-json\/wp\/v2\/users\/2"}],"replies":[{"embeddable":true,"href":"https:\/\/camposcorporacion.com\/en\/wp-json\/wp\/v2\/comments?post=5034"}],"version-history":[{"count":0,"href":"https:\/\/camposcorporacion.com\/en\/wp-json\/wp\/v2\/posts\/5034\/revisions"}],"wp:featuredmedia":[{"embeddable":true,"href":"https:\/\/camposcorporacion.com\/en\/wp-json\/wp\/v2\/media\/5210"}],"wp:attachment":[{"href":"https:\/\/camposcorporacion.com\/en\/wp-json\/wp\/v2\/media?parent=5034"}],"wp:term":[{"taxonomy":"category","embeddable":true,"href":"https:\/\/camposcorporacion.com\/en\/wp-json\/wp\/v2\/categories?post=5034"},{"taxonomy":"post_tag","embeddable":true,"href":"https:\/\/camposcorporacion.com\/en\/wp-json\/wp\/v2\/tags?post=5034"}],"curies":[{"name":"wp","href":"https:\/\/api.w.org\/{rel}","templated":true}]}}