{"id":5017,"date":"2021-06-17T05:24:43","date_gmt":"2021-06-17T05:24:43","guid":{"rendered":"http:\/\/camposcorporacion.com\/el-dia-mundial-de-la-refrigeracion-se-celebrara-el-25-de-junio\/"},"modified":"2024-04-16T08:42:58","modified_gmt":"2024-04-16T08:42:58","slug":"el-dia-mundial-de-la-refrigeracion-se-celebrara-el-25-de-junio","status":"publish","type":"post","link":"https:\/\/camposcorporacion.com\/en\/el-dia-mundial-de-la-refrigeracion-se-celebrara-el-25-de-junio\/","title":{"rendered":"El D\u00eda Mundial de la Refrigeraci\u00f3n se celebrar\u00e1 el 25 de junio"},"content":{"rendered":"<p>El <a href=\"http:\/\/diamundialdelarefrigeracion.com\/\" target=\"_blank\" rel=\"noopener noreferrer\">D\u00eda Mundial de la Refrigeraci\u00f3n<\/a>\u00a0se conmemora este a\u00f1o el pr\u00f3ximo\u00a0<strong>25 de junio<\/strong>\u00a0con un evento virtual que reunir\u00e1 a los representantes de toda la cadena de valor de la industria de la\u00a0<strong>refrigeraci\u00f3n<\/strong>\u00a0y de la\u00a0<strong>climatizaci\u00f3n. <\/strong>Durante este evento, del <strong>cual <a href=\"http:\/\/www.atborealis.com\" target=\"_blank\" rel=\"noopener noreferrer\">Borealis<\/a> es patrocinador,<\/strong> se pondr\u00e1 en valor el sector del fr\u00edo, as\u00ed como la formaci\u00f3n de profesionales en las competencias actualmente demandada<em>s.\u00a0<\/em><\/p>\n<p>Tras el \u00e9xito de las dos primeras ediciones, celebradas en 2019 y 2020, los organizadores:\u00a0<strong><a href=\"http:\/\/www.aefyt.es\/\" target=\"_blank\" rel=\"noopener noreferrer\">AEFYT<\/a><\/strong>\u00a0(Asociaci\u00f3n de Empresas del Fr\u00edo y sus Tecnolog\u00edas),\u00a0<strong><a href=\"http:\/\/www.afar.es\/\" target=\"_blank\" rel=\"noopener noreferrer\">AFAR<\/a>\u00a0<\/strong>(Asociaci\u00f3n de Fabricantes Andaluces de Refrigeraci\u00f3n) y\u00a0<strong><a href=\"http:\/\/www.afec.es\/\" target=\"_blank\" rel=\"noopener noreferrer\">AFEC<\/a><\/strong>\u00a0(Asociaci\u00f3n de Fabricantes de Equipos de Climatizaci\u00f3n), <strong>vuelven a unir sus fuerzas<\/strong> para recordar la importante contribuci\u00f3n de las\u00a0<strong>tecnolog\u00edas del fr\u00edo<\/strong>\u00a0al bienestar de la sociedad.\u00a0Este objetivo com\u00fan <strong>congregar\u00e1 a diferentes asociaciones, empresas y profesionales del sector<\/strong> interesados en estar al tanto de las \u00faltimas tendencias, tanto en aspectos de innovaci\u00f3n tecnol\u00f3gica como en nuevas t\u00e9cnicas de sostenibilidad.<\/p>\n<h1 style=\"text-align: center;\"><a href=\"http:\/\/diamundialdelarefrigeracion.com\/cart\/\" target=\"_blank\" rel=\"noopener noreferrer\">PUEDE INSCRIBIRSE AQU\u00cd<\/a><\/h1>\n<p>Y es que <strong>con tan solo dos eventos celebrados<\/strong>, el D\u00eda Mundial de la Refrigeraci\u00f3n se ha convertido en un <strong>encuentro de referencia<\/strong> en la industria de la refrigeraci\u00f3n y de la climatizaci\u00f3n, que <strong>propone soluciones eficaces<\/strong> para hacer el d\u00eda a d\u00eda de la sociedad m\u00e1s sencillo y confortable. Hay que recordar que son sectores esenciales, con compromiso social y buenas pr\u00e1cticas, en el que la sostenibilidad tiene un gran protagonismo.<\/p>\n<h2><\/h2>\n<h2>Sector clave en momentos cr\u00edticos<\/h2>\n<p>En medio del trascendental cambio por el cual atraviesa el mundo, las <strong>tecnolog\u00edas del fr\u00edo<\/strong> han demostrado que son capaces de <strong>aportar soluciones en los momentos cr\u00edticos<\/strong>, gracias a su gran capacidad de adaptaci\u00f3n.\u00a0Con m\u00e1s de 9.000 empresas y 40.000 trabajadores, estos <strong>sectores inciden de manera directa<\/strong> y transversal en, pr\u00e1cticamente, t<strong>odas las actividades tractoras de la econom\u00eda<\/strong>, siendo imprescindibles para la cadena de valor y los procesos de sostenibilidad y transformaci\u00f3n digital.<\/p>\n<p>Actualmente, diferentes iniciativas, como los Fondos NEXT Generation y el Plan de Recuperaci\u00f3n, Transformaci\u00f3n y Resiliencia, convierten a <strong>estas industrias en actores principales de la generaci\u00f3n de acciones encaminadas a la transformaci\u00f3n de la econom\u00eda,<\/strong> a la modernizaci\u00f3n del tejido industrial y a la b\u00fasqueda de una sociedad sostenible, m\u00e1s digital, cohesionada, inclusiva y sin brechas de g\u00e9nero.<\/p>\n<p>Los esfuerzos est\u00e1n centrados en la <strong>formaci\u00f3n de profesionales en las competencias que actualmente demanda el entorno<\/strong>, indican las asociaciones del sector. \u201cLa atracci\u00f3n de una nueva generaci\u00f3n de talentos continuar\u00e1 con este proceso de crecimiento y de evoluci\u00f3n, que permitir\u00e1 seguir demostrando, por qu\u00e9 la refrigeraci\u00f3n y la climatizaci\u00f3n son esenciales\u201d, confirman.<\/p>\n<p>A todos los participantes en el evento <strong>se les entregar\u00e1 en versi\u00f3n digital, el libro de Gabriel Barcel\u00f3,<\/strong> titulado: \u201cClimatizaci\u00f3n y Refrigeraci\u00f3n: Tras la Pandemia del COVID-19 y Ante el Cambio Clim\u00e1tico\u201d.<\/p>\n<h2>Programa del D\u00eda Mundial de la Refrigeraci\u00f3n<\/h2>\n<p><strong>11:00 \u2013 11:15<\/strong>\u00a0Presentaci\u00f3n\/Apertura: D. Gorka Zumeta. Profesor de Comunicaci\u00f3n y Periodista.<\/p>\n<p><strong>11:15 \u2013 11:30\u00a0<\/strong>Intervenci\u00f3n de: D. Antonio Garamendi. Presidente de CEOE.<\/p>\n<p><strong>11:30 \u2013 11:45<\/strong>\u00a0Intervenci\u00f3n de:<\/p>\n<ul>\n<li>Susana Rodr\u00edguez, Presidenta de AEFYT<\/li>\n<li>Joaqu\u00edn Alberto Pe\u00f1alver, Presidente de AFAR<\/li>\n<li>Luis Mena, Presidente de AFEC<\/li>\n<\/ul>\n<p><strong>11:45<\/strong>\u00a0V\u00eddeo de presentaci\u00f3n<\/p>\n<p><strong>11:50<\/strong>\u00a0Mesa Redonda 1: Sociedad 4.0: Industrializaci\u00f3n, Tecnolog\u00eda, Instalaci\u00f3n y Sostenibilidad<\/p>\n<ul>\n<li>M\u00aa del Pilar Gonz\u00e1lez. Jefa de Departamento de Promoci\u00f3n Institucional y Cooperaci\u00f3n. Direcci\u00f3n de Programas de la UE y Cooperaci\u00f3n Territorial del CDTI (Centro para el Desarrollo T\u00e9cnico Industrial)<\/li>\n<li>Francisco Hortig\u00fcela. Director General de AMETIC (Asociaci\u00f3n Multisectorial de Empresas de Tecnolog\u00edas de la Informaci\u00f3n, Comunicaciones y Electr\u00f3nica)<\/li>\n<li>Joaqu\u00edn Celma. Gerente y propietario de una empresa instaladora<\/li>\n<li>Federico Mu\u00f1oz. Director T\u00e9cnico Comercial de CEIS (Centro de Ensayos Innovaci\u00f3n y Servicios)<\/li>\n<li>Paloma Garc\u00eda. Directora de Programas de Normalizaci\u00f3n y Grupos de Inter\u00e9s en UNE (Asociaci\u00f3n Espa\u00f1ola de Normalizaci\u00f3n)<\/li>\n<li>Mar\u00eda Valcarce. Directora del Sal\u00f3n C&amp;R (Sal\u00f3n Internacional de la Climatizaci\u00f3n y la Refrigeraci\u00f3n)<\/li>\n<\/ul>\n<p><strong>12:50<\/strong>\u00a0Mesa Redonda 2: Next Generation: Refrigeraci\u00f3n y Climatizaci\u00f3n<\/p>\n<ul>\n<li>Fernando Boned. Director Desarrollo de negocio en ARTICAI (Consultor\u00eda T\u00e9cnica e Ingenier\u00eda)<\/li>\n<li>Miguel S\u00e1nchez. Director de Innovaci\u00f3n, Emprendedores y PYME en EOI (Escuela de Organizaci\u00f3n Industrial)<\/li>\n<li>Bel\u00e9n Garc\u00eda D\u00edaz. Gerente de la Agencia de Empleo de la Comunidad de Madrid<\/li>\n<li>Juan Carlos Tejeda. Director del Departamento de Educaci\u00f3n y Formaci\u00f3n de CEOE<\/li>\n<li>Juan Carlos Rodr\u00edguez. Miembro de Comit\u00e9 T\u00e9cnico de AEFYT.<\/li>\n<\/ul>\n<p><strong>13:40<\/strong>\u00a0Intervenci\u00f3n de D. Gabriel Barcel\u00f3. Autor del libro titulado: \u201cCLIMATIZACI\u00d3N Y REFRIGERACI\u00d3N: Tras la Pandemia del COVID-19 y Ante el Cambio Clim\u00e1tico\u00bb<\/p>\n<p><strong>13:45\u00a0<\/strong>Conclusiones y Clausura por los presidentes de las asociaciones organizadoras. Actualmente, diferentes iniciativas, como los Fondos NEXT Generation y el Plan de Recuperaci\u00f3n, Transformaci\u00f3n y Resiliencia, convierten a estas industrias en actores principales de la generaci\u00f3n de acciones encaminadas a la transformaci\u00f3n de la econom\u00eda, a la modernizaci\u00f3n del tejido industrial y a la b\u00fasqueda de una sociedad sostenible, m\u00e1s digital, cohesionada, inclusiva y sin brechas de g\u00e9nero.<\/p>\n<h2>Web del evento:<\/h2>\n<p><a href=\"http:\/\/diamundialdelarefrigeracion.com\/\" target=\"_blank\" rel=\"noopener noreferrer\">http:\/\/diamundialdelarefrigeracion.com\/<\/a><\/p>\n","protected":false},"excerpt":{"rendered":"<p>El D\u00eda Mundial de la Refrigeraci\u00f3n\u00a0se conmemora este a\u00f1o el pr\u00f3ximo\u00a025 de junio\u00a0con un evento virtual que reunir\u00e1 a los [&hellip;]<\/p>\n","protected":false},"author":2,"featured_media":5095,"comment_status":"closed","ping_status":"closed","sticky":false,"template":"","format":"standard","meta":{"footnotes":""},"categories":[89],"tags":[],"class_list":["post-5017","post","type-post","status-publish","format-standard","has-post-thumbnail","hentry","category-climatizacion"],"yoast_head":"<!-- This site is optimized with the Yoast SEO plugin v27.3 - https:\/\/yoast.com\/product\/yoast-seo-wordpress\/ -->\n<title>El D\u00eda Mundial de la Refrigeraci\u00f3n se celebrar\u00e1 el 25 de junio - Campos<\/title>\n<meta name=\"robots\" content=\"index, follow, max-snippet:-1, max-image-preview:large, max-video-preview:-1\" \/>\n<link rel=\"canonical\" href=\"https:\/\/camposcorporacion.com\/el-dia-mundial-de-la-refrigeracion-se-celebrara-el-25-de-junio\/\" \/>\n<meta property=\"og:locale\" content=\"en_US\" \/>\n<meta property=\"og:type\" content=\"article\" \/>\n<meta property=\"og:title\" content=\"El D\u00eda Mundial de la Refrigeraci\u00f3n se celebrar\u00e1 el 25 de junio - Campos\" \/>\n<meta property=\"og:description\" content=\"El D\u00eda Mundial de la Refrigeraci\u00f3n\u00a0se conmemora este a\u00f1o el pr\u00f3ximo\u00a025 de junio\u00a0con un evento virtual que reunir\u00e1 a los [&hellip;]\" \/>\n<meta property=\"og:url\" content=\"https:\/\/camposcorporacion.com\/el-dia-mundial-de-la-refrigeracion-se-celebrara-el-25-de-junio\/\" \/>\n<meta property=\"og:site_name\" content=\"Campos\" \/>\n<meta property=\"article:published_time\" content=\"2021-06-17T05:24:43+00:00\" \/>\n<meta property=\"article:modified_time\" content=\"2024-04-16T08:42:58+00:00\" \/>\n<meta property=\"og:image\" content=\"https:\/\/camposcorporacion.com\/wp-content\/uploads\/2021\/06\/el-dia-mundial-de-la-refrigeracion-se-celebrara-el-25-de-junio.jpg\" \/>\n\t<meta property=\"og:image:width\" content=\"918\" \/>\n\t<meta property=\"og:image:height\" content=\"437\" \/>\n\t<meta property=\"og:image:type\" content=\"image\/jpeg\" \/>\n<meta name=\"author\" content=\"Campos\" \/>\n<meta name=\"twitter:card\" content=\"summary_large_image\" \/>\n<meta name=\"twitter:label1\" content=\"Written by\" \/>\n\t<meta name=\"twitter:data1\" content=\"Campos\" \/>\n\t<meta name=\"twitter:label2\" content=\"Est. reading time\" \/>\n\t<meta name=\"twitter:data2\" content=\"4 minutes\" \/>\n<script type=\"application\/ld+json\" class=\"yoast-schema-graph\">{\"@context\":\"https:\\\/\\\/schema.org\",\"@graph\":[{\"@type\":\"Article\",\"@id\":\"https:\\\/\\\/camposcorporacion.com\\\/el-dia-mundial-de-la-refrigeracion-se-celebrara-el-25-de-junio\\\/#article\",\"isPartOf\":{\"@id\":\"https:\\\/\\\/camposcorporacion.com\\\/el-dia-mundial-de-la-refrigeracion-se-celebrara-el-25-de-junio\\\/\"},\"author\":{\"name\":\"Campos\",\"@id\":\"https:\\\/\\\/camposcorporacion.com\\\/#\\\/schema\\\/person\\\/28c4749bffada975dd2d764fd4efd894\"},\"headline\":\"El D\u00eda Mundial de la Refrigeraci\u00f3n se celebrar\u00e1 el 25 de junio\",\"datePublished\":\"2021-06-17T05:24:43+00:00\",\"dateModified\":\"2024-04-16T08:42:58+00:00\",\"mainEntityOfPage\":{\"@id\":\"https:\\\/\\\/camposcorporacion.com\\\/el-dia-mundial-de-la-refrigeracion-se-celebrara-el-25-de-junio\\\/\"},\"wordCount\":912,\"publisher\":{\"@id\":\"https:\\\/\\\/camposcorporacion.com\\\/#organization\"},\"image\":{\"@id\":\"https:\\\/\\\/camposcorporacion.com\\\/el-dia-mundial-de-la-refrigeracion-se-celebrara-el-25-de-junio\\\/#primaryimage\"},\"thumbnailUrl\":\"https:\\\/\\\/camposcorporacion.com\\\/wp-content\\\/uploads\\\/2021\\\/06\\\/el-dia-mundial-de-la-refrigeracion-se-celebrara-el-25-de-junio.jpg\",\"articleSection\":[\"Climatizaci\u00f3n\"],\"inLanguage\":\"en-US\"},{\"@type\":\"WebPage\",\"@id\":\"https:\\\/\\\/camposcorporacion.com\\\/el-dia-mundial-de-la-refrigeracion-se-celebrara-el-25-de-junio\\\/\",\"url\":\"https:\\\/\\\/camposcorporacion.com\\\/el-dia-mundial-de-la-refrigeracion-se-celebrara-el-25-de-junio\\\/\",\"name\":\"El D\u00eda Mundial de la Refrigeraci\u00f3n se celebrar\u00e1 el 25 de junio - Campos\",\"isPartOf\":{\"@id\":\"https:\\\/\\\/camposcorporacion.com\\\/#website\"},\"primaryImageOfPage\":{\"@id\":\"https:\\\/\\\/camposcorporacion.com\\\/el-dia-mundial-de-la-refrigeracion-se-celebrara-el-25-de-junio\\\/#primaryimage\"},\"image\":{\"@id\":\"https:\\\/\\\/camposcorporacion.com\\\/el-dia-mundial-de-la-refrigeracion-se-celebrara-el-25-de-junio\\\/#primaryimage\"},\"thumbnailUrl\":\"https:\\\/\\\/camposcorporacion.com\\\/wp-content\\\/uploads\\\/2021\\\/06\\\/el-dia-mundial-de-la-refrigeracion-se-celebrara-el-25-de-junio.jpg\",\"datePublished\":\"2021-06-17T05:24:43+00:00\",\"dateModified\":\"2024-04-16T08:42:58+00:00\",\"inLanguage\":\"en-US\",\"potentialAction\":[{\"@type\":\"ReadAction\",\"target\":[\"https:\\\/\\\/camposcorporacion.com\\\/el-dia-mundial-de-la-refrigeracion-se-celebrara-el-25-de-junio\\\/\"]}]},{\"@type\":\"ImageObject\",\"inLanguage\":\"en-US\",\"@id\":\"https:\\\/\\\/camposcorporacion.com\\\/el-dia-mundial-de-la-refrigeracion-se-celebrara-el-25-de-junio\\\/#primaryimage\",\"url\":\"https:\\\/\\\/camposcorporacion.com\\\/wp-content\\\/uploads\\\/2021\\\/06\\\/el-dia-mundial-de-la-refrigeracion-se-celebrara-el-25-de-junio.jpg\",\"contentUrl\":\"https:\\\/\\\/camposcorporacion.com\\\/wp-content\\\/uploads\\\/2021\\\/06\\\/el-dia-mundial-de-la-refrigeracion-se-celebrara-el-25-de-junio.jpg\",\"width\":918,\"height\":437},{\"@type\":\"WebSite\",\"@id\":\"https:\\\/\\\/camposcorporacion.com\\\/#website\",\"url\":\"https:\\\/\\\/camposcorporacion.com\\\/\",\"name\":\"Campos\",\"description\":\"\",\"publisher\":{\"@id\":\"https:\\\/\\\/camposcorporacion.com\\\/#organization\"},\"potentialAction\":[{\"@type\":\"SearchAction\",\"target\":{\"@type\":\"EntryPoint\",\"urlTemplate\":\"https:\\\/\\\/camposcorporacion.com\\\/?s={search_term_string}\"},\"query-input\":{\"@type\":\"PropertyValueSpecification\",\"valueRequired\":true,\"valueName\":\"search_term_string\"}}],\"inLanguage\":\"en-US\"},{\"@type\":\"Organization\",\"@id\":\"https:\\\/\\\/camposcorporacion.com\\\/#organization\",\"name\":\"Campos Corporaci\u00f3n\",\"alternateName\":\"Campos\",\"url\":\"https:\\\/\\\/camposcorporacion.com\\\/\",\"logo\":{\"@type\":\"ImageObject\",\"inLanguage\":\"en-US\",\"@id\":\"https:\\\/\\\/camposcorporacion.com\\\/#\\\/schema\\\/logo\\\/image\\\/\",\"url\":\"https:\\\/\\\/camposcorporacion.com\\\/wp-content\\\/uploads\\\/2026\\\/03\\\/campos-yoast.png\",\"contentUrl\":\"https:\\\/\\\/camposcorporacion.com\\\/wp-content\\\/uploads\\\/2026\\\/03\\\/campos-yoast.png\",\"width\":696,\"height\":696,\"caption\":\"Campos Corporaci\u00f3n\"},\"image\":{\"@id\":\"https:\\\/\\\/camposcorporacion.com\\\/#\\\/schema\\\/logo\\\/image\\\/\"}},{\"@type\":\"Person\",\"@id\":\"https:\\\/\\\/camposcorporacion.com\\\/#\\\/schema\\\/person\\\/28c4749bffada975dd2d764fd4efd894\",\"name\":\"Campos\",\"image\":{\"@type\":\"ImageObject\",\"inLanguage\":\"en-US\",\"@id\":\"https:\\\/\\\/secure.gravatar.com\\\/avatar\\\/348e3148e60a9d417f4c7f711aaf87be299fbcf0e73ff7db0a825e5c3ff7d166?s=96&d=mm&r=g\",\"url\":\"https:\\\/\\\/secure.gravatar.com\\\/avatar\\\/348e3148e60a9d417f4c7f711aaf87be299fbcf0e73ff7db0a825e5c3ff7d166?s=96&d=mm&r=g\",\"contentUrl\":\"https:\\\/\\\/secure.gravatar.com\\\/avatar\\\/348e3148e60a9d417f4c7f711aaf87be299fbcf0e73ff7db0a825e5c3ff7d166?s=96&d=mm&r=g\",\"caption\":\"Campos\"}}]}<\/script>\n<!-- \/ Yoast SEO plugin. -->","yoast_head_json":{"title":"El D\u00eda Mundial de la Refrigeraci\u00f3n se celebrar\u00e1 el 25 de junio - Campos","robots":{"index":"index","follow":"follow","max-snippet":"max-snippet:-1","max-image-preview":"max-image-preview:large","max-video-preview":"max-video-preview:-1"},"canonical":"https:\/\/camposcorporacion.com\/el-dia-mundial-de-la-refrigeracion-se-celebrara-el-25-de-junio\/","og_locale":"en_US","og_type":"article","og_title":"El D\u00eda Mundial de la Refrigeraci\u00f3n se celebrar\u00e1 el 25 de junio - Campos","og_description":"El D\u00eda Mundial de la Refrigeraci\u00f3n\u00a0se conmemora este a\u00f1o el pr\u00f3ximo\u00a025 de junio\u00a0con un evento virtual que reunir\u00e1 a los [&hellip;]","og_url":"https:\/\/camposcorporacion.com\/el-dia-mundial-de-la-refrigeracion-se-celebrara-el-25-de-junio\/","og_site_name":"Campos","article_published_time":"2021-06-17T05:24:43+00:00","article_modified_time":"2024-04-16T08:42:58+00:00","og_image":[{"width":918,"height":437,"url":"https:\/\/camposcorporacion.com\/wp-content\/uploads\/2021\/06\/el-dia-mundial-de-la-refrigeracion-se-celebrara-el-25-de-junio.jpg","type":"image\/jpeg"}],"author":"Campos","twitter_card":"summary_large_image","twitter_misc":{"Written by":"Campos","Est. reading time":"4 minutes"},"schema":{"@context":"https:\/\/schema.org","@graph":[{"@type":"Article","@id":"https:\/\/camposcorporacion.com\/el-dia-mundial-de-la-refrigeracion-se-celebrara-el-25-de-junio\/#article","isPartOf":{"@id":"https:\/\/camposcorporacion.com\/el-dia-mundial-de-la-refrigeracion-se-celebrara-el-25-de-junio\/"},"author":{"name":"Campos","@id":"https:\/\/camposcorporacion.com\/#\/schema\/person\/28c4749bffada975dd2d764fd4efd894"},"headline":"El D\u00eda Mundial de la Refrigeraci\u00f3n se celebrar\u00e1 el 25 de junio","datePublished":"2021-06-17T05:24:43+00:00","dateModified":"2024-04-16T08:42:58+00:00","mainEntityOfPage":{"@id":"https:\/\/camposcorporacion.com\/el-dia-mundial-de-la-refrigeracion-se-celebrara-el-25-de-junio\/"},"wordCount":912,"publisher":{"@id":"https:\/\/camposcorporacion.com\/#organization"},"image":{"@id":"https:\/\/camposcorporacion.com\/el-dia-mundial-de-la-refrigeracion-se-celebrara-el-25-de-junio\/#primaryimage"},"thumbnailUrl":"https:\/\/camposcorporacion.com\/wp-content\/uploads\/2021\/06\/el-dia-mundial-de-la-refrigeracion-se-celebrara-el-25-de-junio.jpg","articleSection":["Climatizaci\u00f3n"],"inLanguage":"en-US"},{"@type":"WebPage","@id":"https:\/\/camposcorporacion.com\/el-dia-mundial-de-la-refrigeracion-se-celebrara-el-25-de-junio\/","url":"https:\/\/camposcorporacion.com\/el-dia-mundial-de-la-refrigeracion-se-celebrara-el-25-de-junio\/","name":"El D\u00eda Mundial de la Refrigeraci\u00f3n se celebrar\u00e1 el 25 de junio - Campos","isPartOf":{"@id":"https:\/\/camposcorporacion.com\/#website"},"primaryImageOfPage":{"@id":"https:\/\/camposcorporacion.com\/el-dia-mundial-de-la-refrigeracion-se-celebrara-el-25-de-junio\/#primaryimage"},"image":{"@id":"https:\/\/camposcorporacion.com\/el-dia-mundial-de-la-refrigeracion-se-celebrara-el-25-de-junio\/#primaryimage"},"thumbnailUrl":"https:\/\/camposcorporacion.com\/wp-content\/uploads\/2021\/06\/el-dia-mundial-de-la-refrigeracion-se-celebrara-el-25-de-junio.jpg","datePublished":"2021-06-17T05:24:43+00:00","dateModified":"2024-04-16T08:42:58+00:00","inLanguage":"en-US","potentialAction":[{"@type":"ReadAction","target":["https:\/\/camposcorporacion.com\/el-dia-mundial-de-la-refrigeracion-se-celebrara-el-25-de-junio\/"]}]},{"@type":"ImageObject","inLanguage":"en-US","@id":"https:\/\/camposcorporacion.com\/el-dia-mundial-de-la-refrigeracion-se-celebrara-el-25-de-junio\/#primaryimage","url":"https:\/\/camposcorporacion.com\/wp-content\/uploads\/2021\/06\/el-dia-mundial-de-la-refrigeracion-se-celebrara-el-25-de-junio.jpg","contentUrl":"https:\/\/camposcorporacion.com\/wp-content\/uploads\/2021\/06\/el-dia-mundial-de-la-refrigeracion-se-celebrara-el-25-de-junio.jpg","width":918,"height":437},{"@type":"WebSite","@id":"https:\/\/camposcorporacion.com\/#website","url":"https:\/\/camposcorporacion.com\/","name":"Campos","description":"","publisher":{"@id":"https:\/\/camposcorporacion.com\/#organization"},"potentialAction":[{"@type":"SearchAction","target":{"@type":"EntryPoint","urlTemplate":"https:\/\/camposcorporacion.com\/?s={search_term_string}"},"query-input":{"@type":"PropertyValueSpecification","valueRequired":true,"valueName":"search_term_string"}}],"inLanguage":"en-US"},{"@type":"Organization","@id":"https:\/\/camposcorporacion.com\/#organization","name":"Campos Corporaci\u00f3n","alternateName":"Campos","url":"https:\/\/camposcorporacion.com\/","logo":{"@type":"ImageObject","inLanguage":"en-US","@id":"https:\/\/camposcorporacion.com\/#\/schema\/logo\/image\/","url":"https:\/\/camposcorporacion.com\/wp-content\/uploads\/2026\/03\/campos-yoast.png","contentUrl":"https:\/\/camposcorporacion.com\/wp-content\/uploads\/2026\/03\/campos-yoast.png","width":696,"height":696,"caption":"Campos Corporaci\u00f3n"},"image":{"@id":"https:\/\/camposcorporacion.com\/#\/schema\/logo\/image\/"}},{"@type":"Person","@id":"https:\/\/camposcorporacion.com\/#\/schema\/person\/28c4749bffada975dd2d764fd4efd894","name":"Campos","image":{"@type":"ImageObject","inLanguage":"en-US","@id":"https:\/\/secure.gravatar.com\/avatar\/348e3148e60a9d417f4c7f711aaf87be299fbcf0e73ff7db0a825e5c3ff7d166?s=96&d=mm&r=g","url":"https:\/\/secure.gravatar.com\/avatar\/348e3148e60a9d417f4c7f711aaf87be299fbcf0e73ff7db0a825e5c3ff7d166?s=96&d=mm&r=g","contentUrl":"https:\/\/secure.gravatar.com\/avatar\/348e3148e60a9d417f4c7f711aaf87be299fbcf0e73ff7db0a825e5c3ff7d166?s=96&d=mm&r=g","caption":"Campos"}}]}},"_links":{"self":[{"href":"https:\/\/camposcorporacion.com\/en\/wp-json\/wp\/v2\/posts\/5017","targetHints":{"allow":["GET"]}}],"collection":[{"href":"https:\/\/camposcorporacion.com\/en\/wp-json\/wp\/v2\/posts"}],"about":[{"href":"https:\/\/camposcorporacion.com\/en\/wp-json\/wp\/v2\/types\/post"}],"author":[{"embeddable":true,"href":"https:\/\/camposcorporacion.com\/en\/wp-json\/wp\/v2\/users\/2"}],"replies":[{"embeddable":true,"href":"https:\/\/camposcorporacion.com\/en\/wp-json\/wp\/v2\/comments?post=5017"}],"version-history":[{"count":0,"href":"https:\/\/camposcorporacion.com\/en\/wp-json\/wp\/v2\/posts\/5017\/revisions"}],"wp:featuredmedia":[{"embeddable":true,"href":"https:\/\/camposcorporacion.com\/en\/wp-json\/wp\/v2\/media\/5095"}],"wp:attachment":[{"href":"https:\/\/camposcorporacion.com\/en\/wp-json\/wp\/v2\/media?parent=5017"}],"wp:term":[{"taxonomy":"category","embeddable":true,"href":"https:\/\/camposcorporacion.com\/en\/wp-json\/wp\/v2\/categories?post=5017"},{"taxonomy":"post_tag","embeddable":true,"href":"https:\/\/camposcorporacion.com\/en\/wp-json\/wp\/v2\/tags?post=5017"}],"curies":[{"name":"wp","href":"https:\/\/api.w.org\/{rel}","templated":true}]}}