{"id":5003,"date":"2016-04-15T08:14:03","date_gmt":"2016-04-15T08:14:03","guid":{"rendered":"http:\/\/camposcorporacion.com\/clysema-presente-en-el-smart-energy-congress-expo-2016\/"},"modified":"2024-04-16T09:09:34","modified_gmt":"2024-04-16T09:09:34","slug":"clysema-presente-en-el-smart-energy-congress-expo-2016","status":"publish","type":"post","link":"https:\/\/camposcorporacion.com\/en\/clysema-presente-en-el-smart-energy-congress-expo-2016\/","title":{"rendered":"Clysema, presente en el Smart Energy Congress &#038; Expo 2016"},"content":{"rendered":"<p style=\"text-align: justify;\">El <a href=\"http:\/\/www.enertic.org\/Congreso2016?param1=120&amp;param2=Smart%20Energy%20Congress%20&amp;%20Expo%202016\" target=\"_blank\" rel=\"noopener\">Smart Energy Congress &amp; Expo 2016<\/a> fue la quinta edici\u00f3n del congreso de referencia en tecnolog\u00eda e innovaci\u00f3n para la mejora de la eficiencia energ\u00e9tica y la sostenibilidad.<\/p>\n<p style=\"text-align: justify;\">Organizado por <strong><a href=\"http:\/\/www.enertic.org\/\" target=\"_blank\" rel=\"noopener\">EnerTIC<\/a><\/strong>, tuvo lugar en el Palacio Municipal de Congresos el 13 y 14 de abril de 2016.<\/p>\n<p style=\"text-align: justify;\">Esta edici\u00f3n estuvo centrada en <em>\u201cFollow the Innovation. Be Efficient.\u201d<\/em> y se encontraron las \u00faltimas soluciones tecnol\u00f3gicas y los proyectos m\u00e1s innovadores. Por su parte, <strong>Clysema<\/strong> realiz\u00f3 una breve exposici\u00f3n en el Speaker\u2019s Corner de su caso de \u00e9xito en la mejora de la eficiencia energ\u00e9tica en los Data Centers de Vodafone. Finalmente, recibi\u00f3 un diploma por parte de EnerTIC, como empresa asociada en 2015, junto a numerosas empresas del sector.<\/p>\n<p><a class=\"dt-single-image\" href=\"https:\/\/clysema.com\/wp-content\/uploads\/2016\/05\/Clysema-Smart-Energy-Congress.jpg\" data-dt-img-description=\"\"><img loading=\"lazy\" decoding=\"async\" class=\"alignnone wp-image-902 size-large\" src=\"http:\/\/camposcorporacion.com\/wp-content\/uploads\/2016\/05\/Clysema-Smart-Energy-Congress-1024x768.jpg\" sizes=\"auto, (max-width: 1024px) 100vw, 1024px\" alt=\"Clysema- Smart Energy Congress\" width=\"1024\" height=\"768\" \/><\/a><\/p>\n<h2>Eficiencia como objetivo<\/h2>\n<p style=\"text-align: justify;\">La energ\u00eda supone un coste econ\u00f3mico y medioambiental enorme en la sociedad del siglo XXI. Y desde hace varios a\u00f1os, la UE ha fomentado la<strong> innovaci\u00f3n y la tecnolog\u00eda<\/strong> para la mejora de la eficiencia energ\u00e9tica a trav\u00e9s del programa Horizonte 2020. Recientemente tambi\u00e9n ha quedado patente la necesidad de reducir el coste medioambiental de la producci\u00f3n de energ\u00eda, a trav\u00e9s del acuerdo alcanzado por los 195 pa\u00edses participantes en la Conferencia de la ONU sobre el Cambio Clim\u00e1tico (COP21).<\/p>\n<p style=\"text-align: justify;\">La tecnolog\u00eda y la innovaci\u00f3n, son los mejores aliados para fomentar la eficiencia energ\u00e9tica y la sostenibilidad. El Internet Of Things ya es una realidad y juega un papel muy relevante a la hora de automatizar procesos que nos ayuden a ser m\u00e1s eficientes en el consumo energ\u00e9tico de nuestros hogares, medios de transportes y ciudades. Adem\u00e1s, toda la Infraestructura IT necesaria para soportar esta tecnolog\u00eda tambi\u00e9n se ha vuelto m\u00e1s eficientes con la consolidaci\u00f3n de los Smart Data Centers.<\/p>\n","protected":false},"excerpt":{"rendered":"<p>El Smart Energy Congress &amp; Expo 2016 fue la quinta edici\u00f3n del congreso de referencia en tecnolog\u00eda e innovaci\u00f3n para [&hellip;]<\/p>\n","protected":false},"author":2,"featured_media":5257,"comment_status":"closed","ping_status":"open","sticky":false,"template":"","format":"standard","meta":{"footnotes":""},"categories":[88,85],"tags":[],"class_list":["post-5003","post","type-post","status-publish","format-standard","has-post-thumbnail","hentry","category-energia","category-noticias-corporativas"],"yoast_head":"<!-- This site is optimized with the Yoast SEO plugin v27.3 - https:\/\/yoast.com\/product\/yoast-seo-wordpress\/ -->\n<title>Clysema, presente en el Smart Energy Congress &#038; Expo 2016 - Campos<\/title>\n<meta name=\"robots\" content=\"index, follow, max-snippet:-1, max-image-preview:large, max-video-preview:-1\" \/>\n<link rel=\"canonical\" href=\"https:\/\/camposcorporacion.com\/clysema-presente-en-el-smart-energy-congress-expo-2016\/\" \/>\n<meta property=\"og:locale\" content=\"en_US\" \/>\n<meta property=\"og:type\" content=\"article\" \/>\n<meta property=\"og:title\" content=\"Clysema, presente en el Smart Energy Congress &#038; Expo 2016 - Campos\" \/>\n<meta property=\"og:description\" content=\"El Smart Energy Congress &amp; Expo 2016 fue la quinta edici\u00f3n del congreso de referencia en tecnolog\u00eda e innovaci\u00f3n para [&hellip;]\" \/>\n<meta property=\"og:url\" content=\"https:\/\/camposcorporacion.com\/clysema-presente-en-el-smart-energy-congress-expo-2016\/\" \/>\n<meta property=\"og:site_name\" content=\"Campos\" \/>\n<meta property=\"article:published_time\" content=\"2016-04-15T08:14:03+00:00\" \/>\n<meta property=\"article:modified_time\" content=\"2024-04-16T09:09:34+00:00\" \/>\n<meta property=\"og:image\" content=\"https:\/\/camposcorporacion.com\/wp-content\/uploads\/2016\/04\/clysema-presente-en-el-smart-energy-congress-expo-2016.jpg\" \/>\n\t<meta property=\"og:image:width\" content=\"2000\" \/>\n\t<meta property=\"og:image:height\" content=\"1333\" \/>\n\t<meta property=\"og:image:type\" content=\"image\/jpeg\" \/>\n<meta name=\"author\" content=\"Campos\" \/>\n<meta name=\"twitter:card\" content=\"summary_large_image\" \/>\n<meta name=\"twitter:label1\" content=\"Written by\" \/>\n\t<meta name=\"twitter:data1\" content=\"Campos\" \/>\n\t<meta name=\"twitter:label2\" content=\"Est. reading time\" \/>\n\t<meta name=\"twitter:data2\" content=\"2 minutes\" \/>\n<script type=\"application\/ld+json\" class=\"yoast-schema-graph\">{\"@context\":\"https:\\\/\\\/schema.org\",\"@graph\":[{\"@type\":\"Article\",\"@id\":\"https:\\\/\\\/camposcorporacion.com\\\/clysema-presente-en-el-smart-energy-congress-expo-2016\\\/#article\",\"isPartOf\":{\"@id\":\"https:\\\/\\\/camposcorporacion.com\\\/clysema-presente-en-el-smart-energy-congress-expo-2016\\\/\"},\"author\":{\"name\":\"Campos\",\"@id\":\"https:\\\/\\\/camposcorporacion.com\\\/#\\\/schema\\\/person\\\/28c4749bffada975dd2d764fd4efd894\"},\"headline\":\"Clysema, presente en el Smart Energy Congress &#038; Expo 2016\",\"datePublished\":\"2016-04-15T08:14:03+00:00\",\"dateModified\":\"2024-04-16T09:09:34+00:00\",\"mainEntityOfPage\":{\"@id\":\"https:\\\/\\\/camposcorporacion.com\\\/clysema-presente-en-el-smart-energy-congress-expo-2016\\\/\"},\"wordCount\":316,\"publisher\":{\"@id\":\"https:\\\/\\\/camposcorporacion.com\\\/#organization\"},\"image\":{\"@id\":\"https:\\\/\\\/camposcorporacion.com\\\/clysema-presente-en-el-smart-energy-congress-expo-2016\\\/#primaryimage\"},\"thumbnailUrl\":\"https:\\\/\\\/camposcorporacion.com\\\/wp-content\\\/uploads\\\/2016\\\/04\\\/clysema-presente-en-el-smart-energy-congress-expo-2016.jpg\",\"articleSection\":[\"Energ\u00eda\",\"Noticias corporativas\"],\"inLanguage\":\"en-US\"},{\"@type\":\"WebPage\",\"@id\":\"https:\\\/\\\/camposcorporacion.com\\\/clysema-presente-en-el-smart-energy-congress-expo-2016\\\/\",\"url\":\"https:\\\/\\\/camposcorporacion.com\\\/clysema-presente-en-el-smart-energy-congress-expo-2016\\\/\",\"name\":\"Clysema, presente en el Smart Energy Congress &#038; Expo 2016 - Campos\",\"isPartOf\":{\"@id\":\"https:\\\/\\\/camposcorporacion.com\\\/#website\"},\"primaryImageOfPage\":{\"@id\":\"https:\\\/\\\/camposcorporacion.com\\\/clysema-presente-en-el-smart-energy-congress-expo-2016\\\/#primaryimage\"},\"image\":{\"@id\":\"https:\\\/\\\/camposcorporacion.com\\\/clysema-presente-en-el-smart-energy-congress-expo-2016\\\/#primaryimage\"},\"thumbnailUrl\":\"https:\\\/\\\/camposcorporacion.com\\\/wp-content\\\/uploads\\\/2016\\\/04\\\/clysema-presente-en-el-smart-energy-congress-expo-2016.jpg\",\"datePublished\":\"2016-04-15T08:14:03+00:00\",\"dateModified\":\"2024-04-16T09:09:34+00:00\",\"inLanguage\":\"en-US\",\"potentialAction\":[{\"@type\":\"ReadAction\",\"target\":[\"https:\\\/\\\/camposcorporacion.com\\\/clysema-presente-en-el-smart-energy-congress-expo-2016\\\/\"]}]},{\"@type\":\"ImageObject\",\"inLanguage\":\"en-US\",\"@id\":\"https:\\\/\\\/camposcorporacion.com\\\/clysema-presente-en-el-smart-energy-congress-expo-2016\\\/#primaryimage\",\"url\":\"https:\\\/\\\/camposcorporacion.com\\\/wp-content\\\/uploads\\\/2016\\\/04\\\/clysema-presente-en-el-smart-energy-congress-expo-2016.jpg\",\"contentUrl\":\"https:\\\/\\\/camposcorporacion.com\\\/wp-content\\\/uploads\\\/2016\\\/04\\\/clysema-presente-en-el-smart-energy-congress-expo-2016.jpg\",\"width\":2000,\"height\":1333},{\"@type\":\"WebSite\",\"@id\":\"https:\\\/\\\/camposcorporacion.com\\\/#website\",\"url\":\"https:\\\/\\\/camposcorporacion.com\\\/\",\"name\":\"Campos\",\"description\":\"\",\"publisher\":{\"@id\":\"https:\\\/\\\/camposcorporacion.com\\\/#organization\"},\"potentialAction\":[{\"@type\":\"SearchAction\",\"target\":{\"@type\":\"EntryPoint\",\"urlTemplate\":\"https:\\\/\\\/camposcorporacion.com\\\/?s={search_term_string}\"},\"query-input\":{\"@type\":\"PropertyValueSpecification\",\"valueRequired\":true,\"valueName\":\"search_term_string\"}}],\"inLanguage\":\"en-US\"},{\"@type\":\"Organization\",\"@id\":\"https:\\\/\\\/camposcorporacion.com\\\/#organization\",\"name\":\"Campos Corporaci\u00f3n\",\"alternateName\":\"Campos\",\"url\":\"https:\\\/\\\/camposcorporacion.com\\\/\",\"logo\":{\"@type\":\"ImageObject\",\"inLanguage\":\"en-US\",\"@id\":\"https:\\\/\\\/camposcorporacion.com\\\/#\\\/schema\\\/logo\\\/image\\\/\",\"url\":\"https:\\\/\\\/camposcorporacion.com\\\/wp-content\\\/uploads\\\/2026\\\/03\\\/campos-yoast.png\",\"contentUrl\":\"https:\\\/\\\/camposcorporacion.com\\\/wp-content\\\/uploads\\\/2026\\\/03\\\/campos-yoast.png\",\"width\":696,\"height\":696,\"caption\":\"Campos Corporaci\u00f3n\"},\"image\":{\"@id\":\"https:\\\/\\\/camposcorporacion.com\\\/#\\\/schema\\\/logo\\\/image\\\/\"}},{\"@type\":\"Person\",\"@id\":\"https:\\\/\\\/camposcorporacion.com\\\/#\\\/schema\\\/person\\\/28c4749bffada975dd2d764fd4efd894\",\"name\":\"Campos\",\"image\":{\"@type\":\"ImageObject\",\"inLanguage\":\"en-US\",\"@id\":\"https:\\\/\\\/secure.gravatar.com\\\/avatar\\\/348e3148e60a9d417f4c7f711aaf87be299fbcf0e73ff7db0a825e5c3ff7d166?s=96&d=mm&r=g\",\"url\":\"https:\\\/\\\/secure.gravatar.com\\\/avatar\\\/348e3148e60a9d417f4c7f711aaf87be299fbcf0e73ff7db0a825e5c3ff7d166?s=96&d=mm&r=g\",\"contentUrl\":\"https:\\\/\\\/secure.gravatar.com\\\/avatar\\\/348e3148e60a9d417f4c7f711aaf87be299fbcf0e73ff7db0a825e5c3ff7d166?s=96&d=mm&r=g\",\"caption\":\"Campos\"}}]}<\/script>\n<!-- \/ Yoast SEO plugin. -->","yoast_head_json":{"title":"Clysema, presente en el Smart Energy Congress &#038; Expo 2016 - Campos","robots":{"index":"index","follow":"follow","max-snippet":"max-snippet:-1","max-image-preview":"max-image-preview:large","max-video-preview":"max-video-preview:-1"},"canonical":"https:\/\/camposcorporacion.com\/clysema-presente-en-el-smart-energy-congress-expo-2016\/","og_locale":"en_US","og_type":"article","og_title":"Clysema, presente en el Smart Energy Congress &#038; Expo 2016 - Campos","og_description":"El Smart Energy Congress &amp; Expo 2016 fue la quinta edici\u00f3n del congreso de referencia en tecnolog\u00eda e innovaci\u00f3n para [&hellip;]","og_url":"https:\/\/camposcorporacion.com\/clysema-presente-en-el-smart-energy-congress-expo-2016\/","og_site_name":"Campos","article_published_time":"2016-04-15T08:14:03+00:00","article_modified_time":"2024-04-16T09:09:34+00:00","og_image":[{"width":2000,"height":1333,"url":"https:\/\/camposcorporacion.com\/wp-content\/uploads\/2016\/04\/clysema-presente-en-el-smart-energy-congress-expo-2016.jpg","type":"image\/jpeg"}],"author":"Campos","twitter_card":"summary_large_image","twitter_misc":{"Written by":"Campos","Est. reading time":"2 minutes"},"schema":{"@context":"https:\/\/schema.org","@graph":[{"@type":"Article","@id":"https:\/\/camposcorporacion.com\/clysema-presente-en-el-smart-energy-congress-expo-2016\/#article","isPartOf":{"@id":"https:\/\/camposcorporacion.com\/clysema-presente-en-el-smart-energy-congress-expo-2016\/"},"author":{"name":"Campos","@id":"https:\/\/camposcorporacion.com\/#\/schema\/person\/28c4749bffada975dd2d764fd4efd894"},"headline":"Clysema, presente en el Smart Energy Congress &#038; Expo 2016","datePublished":"2016-04-15T08:14:03+00:00","dateModified":"2024-04-16T09:09:34+00:00","mainEntityOfPage":{"@id":"https:\/\/camposcorporacion.com\/clysema-presente-en-el-smart-energy-congress-expo-2016\/"},"wordCount":316,"publisher":{"@id":"https:\/\/camposcorporacion.com\/#organization"},"image":{"@id":"https:\/\/camposcorporacion.com\/clysema-presente-en-el-smart-energy-congress-expo-2016\/#primaryimage"},"thumbnailUrl":"https:\/\/camposcorporacion.com\/wp-content\/uploads\/2016\/04\/clysema-presente-en-el-smart-energy-congress-expo-2016.jpg","articleSection":["Energ\u00eda","Noticias corporativas"],"inLanguage":"en-US"},{"@type":"WebPage","@id":"https:\/\/camposcorporacion.com\/clysema-presente-en-el-smart-energy-congress-expo-2016\/","url":"https:\/\/camposcorporacion.com\/clysema-presente-en-el-smart-energy-congress-expo-2016\/","name":"Clysema, presente en el Smart Energy Congress &#038; Expo 2016 - Campos","isPartOf":{"@id":"https:\/\/camposcorporacion.com\/#website"},"primaryImageOfPage":{"@id":"https:\/\/camposcorporacion.com\/clysema-presente-en-el-smart-energy-congress-expo-2016\/#primaryimage"},"image":{"@id":"https:\/\/camposcorporacion.com\/clysema-presente-en-el-smart-energy-congress-expo-2016\/#primaryimage"},"thumbnailUrl":"https:\/\/camposcorporacion.com\/wp-content\/uploads\/2016\/04\/clysema-presente-en-el-smart-energy-congress-expo-2016.jpg","datePublished":"2016-04-15T08:14:03+00:00","dateModified":"2024-04-16T09:09:34+00:00","inLanguage":"en-US","potentialAction":[{"@type":"ReadAction","target":["https:\/\/camposcorporacion.com\/clysema-presente-en-el-smart-energy-congress-expo-2016\/"]}]},{"@type":"ImageObject","inLanguage":"en-US","@id":"https:\/\/camposcorporacion.com\/clysema-presente-en-el-smart-energy-congress-expo-2016\/#primaryimage","url":"https:\/\/camposcorporacion.com\/wp-content\/uploads\/2016\/04\/clysema-presente-en-el-smart-energy-congress-expo-2016.jpg","contentUrl":"https:\/\/camposcorporacion.com\/wp-content\/uploads\/2016\/04\/clysema-presente-en-el-smart-energy-congress-expo-2016.jpg","width":2000,"height":1333},{"@type":"WebSite","@id":"https:\/\/camposcorporacion.com\/#website","url":"https:\/\/camposcorporacion.com\/","name":"Campos","description":"","publisher":{"@id":"https:\/\/camposcorporacion.com\/#organization"},"potentialAction":[{"@type":"SearchAction","target":{"@type":"EntryPoint","urlTemplate":"https:\/\/camposcorporacion.com\/?s={search_term_string}"},"query-input":{"@type":"PropertyValueSpecification","valueRequired":true,"valueName":"search_term_string"}}],"inLanguage":"en-US"},{"@type":"Organization","@id":"https:\/\/camposcorporacion.com\/#organization","name":"Campos Corporaci\u00f3n","alternateName":"Campos","url":"https:\/\/camposcorporacion.com\/","logo":{"@type":"ImageObject","inLanguage":"en-US","@id":"https:\/\/camposcorporacion.com\/#\/schema\/logo\/image\/","url":"https:\/\/camposcorporacion.com\/wp-content\/uploads\/2026\/03\/campos-yoast.png","contentUrl":"https:\/\/camposcorporacion.com\/wp-content\/uploads\/2026\/03\/campos-yoast.png","width":696,"height":696,"caption":"Campos Corporaci\u00f3n"},"image":{"@id":"https:\/\/camposcorporacion.com\/#\/schema\/logo\/image\/"}},{"@type":"Person","@id":"https:\/\/camposcorporacion.com\/#\/schema\/person\/28c4749bffada975dd2d764fd4efd894","name":"Campos","image":{"@type":"ImageObject","inLanguage":"en-US","@id":"https:\/\/secure.gravatar.com\/avatar\/348e3148e60a9d417f4c7f711aaf87be299fbcf0e73ff7db0a825e5c3ff7d166?s=96&d=mm&r=g","url":"https:\/\/secure.gravatar.com\/avatar\/348e3148e60a9d417f4c7f711aaf87be299fbcf0e73ff7db0a825e5c3ff7d166?s=96&d=mm&r=g","contentUrl":"https:\/\/secure.gravatar.com\/avatar\/348e3148e60a9d417f4c7f711aaf87be299fbcf0e73ff7db0a825e5c3ff7d166?s=96&d=mm&r=g","caption":"Campos"}}]}},"_links":{"self":[{"href":"https:\/\/camposcorporacion.com\/en\/wp-json\/wp\/v2\/posts\/5003","targetHints":{"allow":["GET"]}}],"collection":[{"href":"https:\/\/camposcorporacion.com\/en\/wp-json\/wp\/v2\/posts"}],"about":[{"href":"https:\/\/camposcorporacion.com\/en\/wp-json\/wp\/v2\/types\/post"}],"author":[{"embeddable":true,"href":"https:\/\/camposcorporacion.com\/en\/wp-json\/wp\/v2\/users\/2"}],"replies":[{"embeddable":true,"href":"https:\/\/camposcorporacion.com\/en\/wp-json\/wp\/v2\/comments?post=5003"}],"version-history":[{"count":0,"href":"https:\/\/camposcorporacion.com\/en\/wp-json\/wp\/v2\/posts\/5003\/revisions"}],"wp:featuredmedia":[{"embeddable":true,"href":"https:\/\/camposcorporacion.com\/en\/wp-json\/wp\/v2\/media\/5257"}],"wp:attachment":[{"href":"https:\/\/camposcorporacion.com\/en\/wp-json\/wp\/v2\/media?parent=5003"}],"wp:term":[{"taxonomy":"category","embeddable":true,"href":"https:\/\/camposcorporacion.com\/en\/wp-json\/wp\/v2\/categories?post=5003"},{"taxonomy":"post_tag","embeddable":true,"href":"https:\/\/camposcorporacion.com\/en\/wp-json\/wp\/v2\/tags?post=5003"}],"curies":[{"name":"wp","href":"https:\/\/api.w.org\/{rel}","templated":true}]}}