{"id":4984,"date":"2021-01-19T05:41:43","date_gmt":"2021-01-19T05:41:43","guid":{"rendered":"http:\/\/camposcorporacion.com\/climanoticias-publica-en-su-revista-un-articulo-de-clysema\/"},"modified":"2022-06-07T07:04:09","modified_gmt":"2022-06-07T07:04:09","slug":"climanoticias-publica-en-su-revista-un-articulo-de-clysema","status":"publish","type":"post","link":"https:\/\/camposcorporacion.com\/en\/climanoticias-publica-en-su-revista-un-articulo-de-clysema\/","title":{"rendered":"Climanoticias publica en su revista un art\u00edculo de Clysema"},"content":{"rendered":"<p><span style=\"font-weight: 400;\">Climanoticias ha publicado en su revista el art\u00edculo <strong>\u201cTendencias en la climatizaci\u00f3n de Centros de Datos\u201d<\/strong>. Este art\u00edculo fue publicado en la web de Clysema el pasado julio de 2020 y ha suscitado gran inter\u00e9s, convirti\u00e9ndose en el art\u00edculo m\u00e1s le\u00eddo de la web.<\/span><\/p>\n<style type=\"text\/css\">\n\t\t\t\t\t\t#gallery-1 {<br \/>\n\t\t\t\t\t\t\t\tmargin: auto;<br \/>\n\t\t\t\t\t\t}<br \/>\n\t\t\t\t\t\t#gallery-1 .gallery-item {<br \/>\n\t\t\t\t\t\t\t\tfloat: left;<br \/>\n\t\t\t\t\t\t\t\tmargin-top: 10px;<br \/>\n\t\t\t\t\t\t\t\ttext-align: center;<br \/>\n\t\t\t\t\t\t\t\twidth: 25%;<br \/>\n\t\t\t\t\t\t}<br \/>\n\t\t\t\t\t\t#gallery-1 img {<br \/>\n\t\t\t\t\t\t\t\tborder: 2px solid #cfcfcf;<br \/>\n\t\t\t\t\t\t}<br \/>\n\t\t\t\t\t\t#gallery-1 .gallery-caption {<br \/>\n\t\t\t\t\t\t\t\tmargin-left: 0;<br \/>\n\t\t\t\t\t\t}<br \/>\n\t\t\t\t<\/style>\n<p><!-- see gallery_shortcode() in wp-includes\/media.php --><\/p>\n<div id=\"gallery-1\" class=\"gallery galleryid-1836 gallery-columns-4 gallery-size-medium dt-gallery-container\">\n<dl class=\"gallery-item\">\n<dt class=\"gallery-icon\"><a class=\"rollover rollover-zoom dt-mfp-item mfp-image\" title=\"\" href=\"https:\/\/clysema.com\/wp-content\/uploads\/2021\/01\/tendencias-climatizacion-centro-de-datos-1-scaled.jpg\" data-dt-img-description=\"\"><img loading=\"lazy\" decoding=\"async\" src=\"http:\/\/camposcorporacion.com\/wp-content\/uploads\/2021\/01\/tendencias-climatizacion-centro-de-datos-1-215x300.jpg\" alt=\"tendencias-climatizacion-centros-de-datos\" width=\"300\" height=\"215\" \/><\/a><\/dt>\n<\/dl>\n<dl class=\"gallery-item\">\n<dt class=\"gallery-icon\"><a class=\"rollover rollover-zoom dt-mfp-item mfp-image\" title=\"\" href=\"https:\/\/clysema.com\/wp-content\/uploads\/2021\/01\/tendencias-climatizacion-centro-de-datos-2-scaled.jpg\" data-dt-img-description=\"\"><img loading=\"lazy\" decoding=\"async\" src=\"http:\/\/camposcorporacion.com\/wp-content\/uploads\/2021\/01\/tendencias-climatizacion-centro-de-datos-2-215x300.jpg\" alt=\"tendencias-climatizacion-centros-de-datos\" width=\"300\" height=\"215\" \/><\/a><\/dt>\n<\/dl>\n<dl class=\"gallery-item\">\n<dt class=\"gallery-icon\"><a class=\"rollover rollover-zoom dt-mfp-item mfp-image\" title=\"\" href=\"https:\/\/clysema.com\/wp-content\/uploads\/2021\/01\/tendencias-climatizacion-centro-de-datos-3-scaled.jpg\" data-dt-img-description=\"\"><img loading=\"lazy\" decoding=\"async\" src=\"http:\/\/camposcorporacion.com\/wp-content\/uploads\/2021\/01\/tendencias-climatizacion-centro-de-datos-3-215x300.jpg\" alt=\"tendencias-climatizacion-centros-de-datos\" width=\"300\" height=\"215\" \/><\/a><\/dt>\n<\/dl>\n<dl class=\"gallery-item\">\n<dt class=\"gallery-icon\"><a class=\"rollover rollover-zoom dt-mfp-item mfp-image\" title=\"\" href=\"https:\/\/clysema.com\/wp-content\/uploads\/2021\/01\/tendencias-climatizacion-centro-de-datos-4-scaled.jpg\" data-dt-img-description=\"\"><img loading=\"lazy\" decoding=\"async\" src=\"http:\/\/camposcorporacion.com\/wp-content\/uploads\/2021\/01\/tendencias-climatizacion-centro-de-datos-4-215x300.jpg\" alt=\"tendencias-climatizacion-centros-de-datos\" width=\"300\" height=\"215\" \/><\/a><\/dt>\n<\/dl>\n<p><br style=\"clear: both;\" \/><br \/>\n<br style=\"clear: both;\" \/><\/p>\n<\/div>\n<h3 style=\"text-align: center;\"><a href=\"\/wp-content\/uploads\/2022\/06\/tendencias-climatizacion-centro-de-datos.pdf\" target=\"_blank\" rel=\"noopener noreferrer\"><span style=\"font-weight: 400;\">Descargar art\u00edculo<\/span><\/a><\/h3>\n<h3>TENDENCIAS EN LA CLIMATIZACI\u00d3N DE CENTROS DE DATOS<\/h3>\n<p><span style=\"font-weight: 400;\">A lo largo del art\u00edculo, se hace un repaso a las diferentes tendencias en la climatizaci\u00f3n de centros de datos y a las caracter\u00edsticas, ventajas e inconvenientes de cada una de ellas. Todo ello desde la experiencia y conocimientos adquiridos por <a href=\"http:\/\/www.clysema.com\" target=\"_blank\" rel=\"noopener noreferrer\">Clysema<\/a> a lo largo de estos \u00faltimos a\u00f1os en el \u00e1mbito de los centros de datos.<\/span><\/p>\n<p><span style=\"font-weight: 400;\">El texto hace referencia a conceptos clave de climatizaci\u00f3n en el sector del Data Center, como son HVAC o PUE. Tambi\u00e9n analiza las principales tendencias acerca de la climatizaci\u00f3n en estos emplazamientos, como son el <\/span><b>free cooling, confinamiento de zonas, humectaci\u00f3n evaporativa, refrigeraci\u00f3n adiab\u00e1tica, regulaci\u00f3n de temperatura en pasillo fr\u00edo, refrigeraci\u00f3n l\u00edquida directa al servidor, refrigeraci\u00f3n por inmersi\u00f3n, refrigeraci\u00f3n directa del chip o DCIM.<\/b><\/p>\n<p><span style=\"font-weight: 400;\">Actualmente estamos ante un cruce de tendencias en la climatizaci\u00f3n de centros de datos. Por un lado, se mantienen y optimizan los sistemas de refrigeraci\u00f3n por aire acondicionado. Por otro, el avance imparable de la refrigeraci\u00f3n l\u00edquida y sus desaf\u00edos por riesgo a posibles fugas de agua que puedan da\u00f1ar los equipamientos. En este sentido, si vemos una tendencia clara en la que se est\u00e1 pasando de refrigerar la sala a refrigerar el rack. Todo ello, con el objetivo principal de reducir el consumo energ\u00e9tico de los CPD, adoptando sistemas que mejoren la eficiencia energ\u00e9tica en los circuitos de climatizaci\u00f3n y refrigeraci\u00f3n.<\/span><\/p>\n<p><a href=\"https:\/\/clysema.com\/tendencias-climatizacion-centros-de-datos\/\" target=\"_blank\" rel=\"noopener noreferrer\">Ver art\u00edculo en web de Clysema<\/a><\/p>\n<h3>SOBRE CLIMANOTICIAS<\/h3>\n<p><span style=\"font-weight: 400;\"><a href=\"http:\/\/www.climanoticias.com\/\" target=\"_blank\" rel=\"noopener noreferrer\">Climanoticias<\/a> es una revista independiente especializada en el sector de las instalaciones de confort al servicio del profesional con m\u00e1s de 20 a\u00f1os de historia. Desde 1995, Climanoticias informa de todo cuanto acontece en el mundo de la climatizaci\u00f3n, adaptando sus contenidos de manera pareja a la evoluci\u00f3n de las nuevas demandas de eficiencia energ\u00e9tica que presenta la sociedad actual.<\/span><\/p>\n","protected":false},"excerpt":{"rendered":"<p>Climanoticias ha publicado en su revista el art\u00edculo \u201cTendencias en la climatizaci\u00f3n de Centros de Datos\u201d. Este art\u00edculo fue publicado [&hellip;]<\/p>\n","protected":false},"author":2,"featured_media":5125,"comment_status":"closed","ping_status":"open","sticky":false,"template":"","format":"standard","meta":{"footnotes":""},"categories":[88],"tags":[],"class_list":["post-4984","post","type-post","status-publish","format-standard","has-post-thumbnail","hentry","category-energia"],"yoast_head":"<!-- This site is optimized with the Yoast SEO plugin v27.3 - https:\/\/yoast.com\/product\/yoast-seo-wordpress\/ -->\n<title>Climanoticias publica en su revista un art\u00edculo de Clysema - Campos<\/title>\n<meta name=\"robots\" content=\"index, follow, max-snippet:-1, max-image-preview:large, max-video-preview:-1\" \/>\n<link rel=\"canonical\" href=\"https:\/\/camposcorporacion.com\/climanoticias-publica-en-su-revista-un-articulo-de-clysema\/\" \/>\n<meta property=\"og:locale\" content=\"en_US\" \/>\n<meta property=\"og:type\" content=\"article\" \/>\n<meta property=\"og:title\" content=\"Climanoticias publica en su revista un art\u00edculo de Clysema - Campos\" \/>\n<meta property=\"og:description\" content=\"Climanoticias ha publicado en su revista el art\u00edculo \u201cTendencias en la climatizaci\u00f3n de Centros de Datos\u201d. Este art\u00edculo fue publicado [&hellip;]\" \/>\n<meta property=\"og:url\" content=\"https:\/\/camposcorporacion.com\/climanoticias-publica-en-su-revista-un-articulo-de-clysema\/\" \/>\n<meta property=\"og:site_name\" content=\"Campos\" \/>\n<meta property=\"article:published_time\" content=\"2021-01-19T05:41:43+00:00\" \/>\n<meta property=\"article:modified_time\" content=\"2022-06-07T07:04:09+00:00\" \/>\n<meta property=\"og:image\" content=\"https:\/\/camposcorporacion.com\/wp-content\/uploads\/2021\/01\/climanoticias-publica-en-su-revista-un-articulo-de-clysema.jpg\" \/>\n\t<meta property=\"og:image:width\" content=\"2167\" \/>\n\t<meta property=\"og:image:height\" content=\"1133\" \/>\n\t<meta property=\"og:image:type\" content=\"image\/jpeg\" \/>\n<meta name=\"author\" content=\"Campos\" \/>\n<meta name=\"twitter:card\" content=\"summary_large_image\" \/>\n<meta name=\"twitter:label1\" content=\"Written by\" \/>\n\t<meta name=\"twitter:data1\" content=\"Campos\" \/>\n\t<meta name=\"twitter:label2\" content=\"Est. reading time\" \/>\n\t<meta name=\"twitter:data2\" content=\"3 minutes\" \/>\n<script type=\"application\/ld+json\" class=\"yoast-schema-graph\">{\"@context\":\"https:\\\/\\\/schema.org\",\"@graph\":[{\"@type\":\"Article\",\"@id\":\"https:\\\/\\\/camposcorporacion.com\\\/climanoticias-publica-en-su-revista-un-articulo-de-clysema\\\/#article\",\"isPartOf\":{\"@id\":\"https:\\\/\\\/camposcorporacion.com\\\/climanoticias-publica-en-su-revista-un-articulo-de-clysema\\\/\"},\"author\":{\"name\":\"Campos\",\"@id\":\"https:\\\/\\\/camposcorporacion.com\\\/#\\\/schema\\\/person\\\/28c4749bffada975dd2d764fd4efd894\"},\"headline\":\"Climanoticias publica en su revista un art\u00edculo de Clysema\",\"datePublished\":\"2021-01-19T05:41:43+00:00\",\"dateModified\":\"2022-06-07T07:04:09+00:00\",\"mainEntityOfPage\":{\"@id\":\"https:\\\/\\\/camposcorporacion.com\\\/climanoticias-publica-en-su-revista-un-articulo-de-clysema\\\/\"},\"wordCount\":395,\"publisher\":{\"@id\":\"https:\\\/\\\/camposcorporacion.com\\\/#organization\"},\"image\":{\"@id\":\"https:\\\/\\\/camposcorporacion.com\\\/climanoticias-publica-en-su-revista-un-articulo-de-clysema\\\/#primaryimage\"},\"thumbnailUrl\":\"https:\\\/\\\/camposcorporacion.com\\\/wp-content\\\/uploads\\\/2021\\\/01\\\/climanoticias-publica-en-su-revista-un-articulo-de-clysema.jpg\",\"articleSection\":[\"Energ\u00eda\"],\"inLanguage\":\"en-US\"},{\"@type\":\"WebPage\",\"@id\":\"https:\\\/\\\/camposcorporacion.com\\\/climanoticias-publica-en-su-revista-un-articulo-de-clysema\\\/\",\"url\":\"https:\\\/\\\/camposcorporacion.com\\\/climanoticias-publica-en-su-revista-un-articulo-de-clysema\\\/\",\"name\":\"Climanoticias publica en su revista un art\u00edculo de Clysema - Campos\",\"isPartOf\":{\"@id\":\"https:\\\/\\\/camposcorporacion.com\\\/#website\"},\"primaryImageOfPage\":{\"@id\":\"https:\\\/\\\/camposcorporacion.com\\\/climanoticias-publica-en-su-revista-un-articulo-de-clysema\\\/#primaryimage\"},\"image\":{\"@id\":\"https:\\\/\\\/camposcorporacion.com\\\/climanoticias-publica-en-su-revista-un-articulo-de-clysema\\\/#primaryimage\"},\"thumbnailUrl\":\"https:\\\/\\\/camposcorporacion.com\\\/wp-content\\\/uploads\\\/2021\\\/01\\\/climanoticias-publica-en-su-revista-un-articulo-de-clysema.jpg\",\"datePublished\":\"2021-01-19T05:41:43+00:00\",\"dateModified\":\"2022-06-07T07:04:09+00:00\",\"inLanguage\":\"en-US\",\"potentialAction\":[{\"@type\":\"ReadAction\",\"target\":[\"https:\\\/\\\/camposcorporacion.com\\\/climanoticias-publica-en-su-revista-un-articulo-de-clysema\\\/\"]}]},{\"@type\":\"ImageObject\",\"inLanguage\":\"en-US\",\"@id\":\"https:\\\/\\\/camposcorporacion.com\\\/climanoticias-publica-en-su-revista-un-articulo-de-clysema\\\/#primaryimage\",\"url\":\"https:\\\/\\\/camposcorporacion.com\\\/wp-content\\\/uploads\\\/2021\\\/01\\\/climanoticias-publica-en-su-revista-un-articulo-de-clysema.jpg\",\"contentUrl\":\"https:\\\/\\\/camposcorporacion.com\\\/wp-content\\\/uploads\\\/2021\\\/01\\\/climanoticias-publica-en-su-revista-un-articulo-de-clysema.jpg\",\"width\":2167,\"height\":1133},{\"@type\":\"WebSite\",\"@id\":\"https:\\\/\\\/camposcorporacion.com\\\/#website\",\"url\":\"https:\\\/\\\/camposcorporacion.com\\\/\",\"name\":\"Campos\",\"description\":\"\",\"publisher\":{\"@id\":\"https:\\\/\\\/camposcorporacion.com\\\/#organization\"},\"potentialAction\":[{\"@type\":\"SearchAction\",\"target\":{\"@type\":\"EntryPoint\",\"urlTemplate\":\"https:\\\/\\\/camposcorporacion.com\\\/?s={search_term_string}\"},\"query-input\":{\"@type\":\"PropertyValueSpecification\",\"valueRequired\":true,\"valueName\":\"search_term_string\"}}],\"inLanguage\":\"en-US\"},{\"@type\":\"Organization\",\"@id\":\"https:\\\/\\\/camposcorporacion.com\\\/#organization\",\"name\":\"Campos Corporaci\u00f3n\",\"alternateName\":\"Campos\",\"url\":\"https:\\\/\\\/camposcorporacion.com\\\/\",\"logo\":{\"@type\":\"ImageObject\",\"inLanguage\":\"en-US\",\"@id\":\"https:\\\/\\\/camposcorporacion.com\\\/#\\\/schema\\\/logo\\\/image\\\/\",\"url\":\"https:\\\/\\\/camposcorporacion.com\\\/wp-content\\\/uploads\\\/2026\\\/03\\\/campos-yoast.png\",\"contentUrl\":\"https:\\\/\\\/camposcorporacion.com\\\/wp-content\\\/uploads\\\/2026\\\/03\\\/campos-yoast.png\",\"width\":696,\"height\":696,\"caption\":\"Campos Corporaci\u00f3n\"},\"image\":{\"@id\":\"https:\\\/\\\/camposcorporacion.com\\\/#\\\/schema\\\/logo\\\/image\\\/\"}},{\"@type\":\"Person\",\"@id\":\"https:\\\/\\\/camposcorporacion.com\\\/#\\\/schema\\\/person\\\/28c4749bffada975dd2d764fd4efd894\",\"name\":\"Campos\",\"image\":{\"@type\":\"ImageObject\",\"inLanguage\":\"en-US\",\"@id\":\"https:\\\/\\\/secure.gravatar.com\\\/avatar\\\/348e3148e60a9d417f4c7f711aaf87be299fbcf0e73ff7db0a825e5c3ff7d166?s=96&d=mm&r=g\",\"url\":\"https:\\\/\\\/secure.gravatar.com\\\/avatar\\\/348e3148e60a9d417f4c7f711aaf87be299fbcf0e73ff7db0a825e5c3ff7d166?s=96&d=mm&r=g\",\"contentUrl\":\"https:\\\/\\\/secure.gravatar.com\\\/avatar\\\/348e3148e60a9d417f4c7f711aaf87be299fbcf0e73ff7db0a825e5c3ff7d166?s=96&d=mm&r=g\",\"caption\":\"Campos\"}}]}<\/script>\n<!-- \/ Yoast SEO plugin. -->","yoast_head_json":{"title":"Climanoticias publica en su revista un art\u00edculo de Clysema - Campos","robots":{"index":"index","follow":"follow","max-snippet":"max-snippet:-1","max-image-preview":"max-image-preview:large","max-video-preview":"max-video-preview:-1"},"canonical":"https:\/\/camposcorporacion.com\/climanoticias-publica-en-su-revista-un-articulo-de-clysema\/","og_locale":"en_US","og_type":"article","og_title":"Climanoticias publica en su revista un art\u00edculo de Clysema - Campos","og_description":"Climanoticias ha publicado en su revista el art\u00edculo \u201cTendencias en la climatizaci\u00f3n de Centros de Datos\u201d. Este art\u00edculo fue publicado [&hellip;]","og_url":"https:\/\/camposcorporacion.com\/climanoticias-publica-en-su-revista-un-articulo-de-clysema\/","og_site_name":"Campos","article_published_time":"2021-01-19T05:41:43+00:00","article_modified_time":"2022-06-07T07:04:09+00:00","og_image":[{"width":2167,"height":1133,"url":"https:\/\/camposcorporacion.com\/wp-content\/uploads\/2021\/01\/climanoticias-publica-en-su-revista-un-articulo-de-clysema.jpg","type":"image\/jpeg"}],"author":"Campos","twitter_card":"summary_large_image","twitter_misc":{"Written by":"Campos","Est. reading time":"3 minutes"},"schema":{"@context":"https:\/\/schema.org","@graph":[{"@type":"Article","@id":"https:\/\/camposcorporacion.com\/climanoticias-publica-en-su-revista-un-articulo-de-clysema\/#article","isPartOf":{"@id":"https:\/\/camposcorporacion.com\/climanoticias-publica-en-su-revista-un-articulo-de-clysema\/"},"author":{"name":"Campos","@id":"https:\/\/camposcorporacion.com\/#\/schema\/person\/28c4749bffada975dd2d764fd4efd894"},"headline":"Climanoticias publica en su revista un art\u00edculo de Clysema","datePublished":"2021-01-19T05:41:43+00:00","dateModified":"2022-06-07T07:04:09+00:00","mainEntityOfPage":{"@id":"https:\/\/camposcorporacion.com\/climanoticias-publica-en-su-revista-un-articulo-de-clysema\/"},"wordCount":395,"publisher":{"@id":"https:\/\/camposcorporacion.com\/#organization"},"image":{"@id":"https:\/\/camposcorporacion.com\/climanoticias-publica-en-su-revista-un-articulo-de-clysema\/#primaryimage"},"thumbnailUrl":"https:\/\/camposcorporacion.com\/wp-content\/uploads\/2021\/01\/climanoticias-publica-en-su-revista-un-articulo-de-clysema.jpg","articleSection":["Energ\u00eda"],"inLanguage":"en-US"},{"@type":"WebPage","@id":"https:\/\/camposcorporacion.com\/climanoticias-publica-en-su-revista-un-articulo-de-clysema\/","url":"https:\/\/camposcorporacion.com\/climanoticias-publica-en-su-revista-un-articulo-de-clysema\/","name":"Climanoticias publica en su revista un art\u00edculo de Clysema - Campos","isPartOf":{"@id":"https:\/\/camposcorporacion.com\/#website"},"primaryImageOfPage":{"@id":"https:\/\/camposcorporacion.com\/climanoticias-publica-en-su-revista-un-articulo-de-clysema\/#primaryimage"},"image":{"@id":"https:\/\/camposcorporacion.com\/climanoticias-publica-en-su-revista-un-articulo-de-clysema\/#primaryimage"},"thumbnailUrl":"https:\/\/camposcorporacion.com\/wp-content\/uploads\/2021\/01\/climanoticias-publica-en-su-revista-un-articulo-de-clysema.jpg","datePublished":"2021-01-19T05:41:43+00:00","dateModified":"2022-06-07T07:04:09+00:00","inLanguage":"en-US","potentialAction":[{"@type":"ReadAction","target":["https:\/\/camposcorporacion.com\/climanoticias-publica-en-su-revista-un-articulo-de-clysema\/"]}]},{"@type":"ImageObject","inLanguage":"en-US","@id":"https:\/\/camposcorporacion.com\/climanoticias-publica-en-su-revista-un-articulo-de-clysema\/#primaryimage","url":"https:\/\/camposcorporacion.com\/wp-content\/uploads\/2021\/01\/climanoticias-publica-en-su-revista-un-articulo-de-clysema.jpg","contentUrl":"https:\/\/camposcorporacion.com\/wp-content\/uploads\/2021\/01\/climanoticias-publica-en-su-revista-un-articulo-de-clysema.jpg","width":2167,"height":1133},{"@type":"WebSite","@id":"https:\/\/camposcorporacion.com\/#website","url":"https:\/\/camposcorporacion.com\/","name":"Campos","description":"","publisher":{"@id":"https:\/\/camposcorporacion.com\/#organization"},"potentialAction":[{"@type":"SearchAction","target":{"@type":"EntryPoint","urlTemplate":"https:\/\/camposcorporacion.com\/?s={search_term_string}"},"query-input":{"@type":"PropertyValueSpecification","valueRequired":true,"valueName":"search_term_string"}}],"inLanguage":"en-US"},{"@type":"Organization","@id":"https:\/\/camposcorporacion.com\/#organization","name":"Campos Corporaci\u00f3n","alternateName":"Campos","url":"https:\/\/camposcorporacion.com\/","logo":{"@type":"ImageObject","inLanguage":"en-US","@id":"https:\/\/camposcorporacion.com\/#\/schema\/logo\/image\/","url":"https:\/\/camposcorporacion.com\/wp-content\/uploads\/2026\/03\/campos-yoast.png","contentUrl":"https:\/\/camposcorporacion.com\/wp-content\/uploads\/2026\/03\/campos-yoast.png","width":696,"height":696,"caption":"Campos Corporaci\u00f3n"},"image":{"@id":"https:\/\/camposcorporacion.com\/#\/schema\/logo\/image\/"}},{"@type":"Person","@id":"https:\/\/camposcorporacion.com\/#\/schema\/person\/28c4749bffada975dd2d764fd4efd894","name":"Campos","image":{"@type":"ImageObject","inLanguage":"en-US","@id":"https:\/\/secure.gravatar.com\/avatar\/348e3148e60a9d417f4c7f711aaf87be299fbcf0e73ff7db0a825e5c3ff7d166?s=96&d=mm&r=g","url":"https:\/\/secure.gravatar.com\/avatar\/348e3148e60a9d417f4c7f711aaf87be299fbcf0e73ff7db0a825e5c3ff7d166?s=96&d=mm&r=g","contentUrl":"https:\/\/secure.gravatar.com\/avatar\/348e3148e60a9d417f4c7f711aaf87be299fbcf0e73ff7db0a825e5c3ff7d166?s=96&d=mm&r=g","caption":"Campos"}}]}},"_links":{"self":[{"href":"https:\/\/camposcorporacion.com\/en\/wp-json\/wp\/v2\/posts\/4984","targetHints":{"allow":["GET"]}}],"collection":[{"href":"https:\/\/camposcorporacion.com\/en\/wp-json\/wp\/v2\/posts"}],"about":[{"href":"https:\/\/camposcorporacion.com\/en\/wp-json\/wp\/v2\/types\/post"}],"author":[{"embeddable":true,"href":"https:\/\/camposcorporacion.com\/en\/wp-json\/wp\/v2\/users\/2"}],"replies":[{"embeddable":true,"href":"https:\/\/camposcorporacion.com\/en\/wp-json\/wp\/v2\/comments?post=4984"}],"version-history":[{"count":0,"href":"https:\/\/camposcorporacion.com\/en\/wp-json\/wp\/v2\/posts\/4984\/revisions"}],"wp:featuredmedia":[{"embeddable":true,"href":"https:\/\/camposcorporacion.com\/en\/wp-json\/wp\/v2\/media\/5125"}],"wp:attachment":[{"href":"https:\/\/camposcorporacion.com\/en\/wp-json\/wp\/v2\/media?parent=4984"}],"wp:term":[{"taxonomy":"category","embeddable":true,"href":"https:\/\/camposcorporacion.com\/en\/wp-json\/wp\/v2\/categories?post=4984"},{"taxonomy":"post_tag","embeddable":true,"href":"https:\/\/camposcorporacion.com\/en\/wp-json\/wp\/v2\/tags?post=4984"}],"curies":[{"name":"wp","href":"https:\/\/api.w.org\/{rel}","templated":true}]}}