{"id":4929,"date":"2013-10-17T12:40:21","date_gmt":"2013-10-17T12:40:21","guid":{"rendered":"http:\/\/camposcorporacion.com\/visita-del-mineco-al-instituto-tecnologico-la-maranosa\/"},"modified":"2024-04-16T08:45:35","modified_gmt":"2024-04-16T08:45:35","slug":"visita-del-mineco-al-instituto-tecnologico-la-maranosa","status":"publish","type":"post","link":"https:\/\/camposcorporacion.com\/en\/visita-del-mineco-al-instituto-tecnologico-la-maranosa\/","title":{"rendered":"Visita del MINECO al Instituto tecnol\u00f3gico La Mara\u00f1osa."},"content":{"rendered":"<p>El pasado d\u00eda 09 de Octubre de 2013 tuvo lugar en las instalaciones del Instituto Tecnol\u00f3gico Militar \u00abLa Mara\u00f1osa\u00bb la presentaci\u00f3n oficial del proyecto Greenmar. A este acto asistieron, entre otras autoridades, los representantes del Ministerio de Econom\u00eda y Competitividad responsables de la supervisi\u00f3n y control de los fondos de del subprograma Innpacto destinados a la financiaci\u00f3n del proyecto.<\/p>\n<p>El acto fue presidido por el General Orts, director del ITM, y cont\u00f3 adem\u00e1s con la asistencia del jefe del \u00e1rea de electr\u00f3nica del ITM y su equipo (participantes en el proyecto en el \u00e1rea energ\u00e9tica) as\u00ed como con la directora del \u00e1rea de edificaci\u00f3n y el jefe del departamento de eficiencia energ\u00e9tica del CIEMAT. Del mismo modo, el evento cont\u00f3 tambi\u00e9n con la asistencia de los representantes de Clysema, Geoter y Gaptek, empresas integrantes del proyecto.<\/p>\n<p>En primer lugar el general Orts llev\u00f3 a cabo la presentaci\u00f3n del ITM y dio a conocer su misi\u00f3n orientada a la excelencia en la investigaci\u00f3n y desarrollo. Seguidamente se realiz\u00f3 una exposici\u00f3n del proyecto Greenmar para concluir con una visita al demostrador tecnol\u00f3gico instalado en las dependencias del La Mara\u00f1osa. De esta manera los asistentes pudieron conocer los trabajos de I+D+i llevados a cabo durante los \u00daltimos 18 meses destinados al desarrollo del equipo de climatizaci\u00f3n de alta eficiencia energ\u00e9tica \u00abHEMC (High Efficiency Militar container)\u00bb. Este contenedor ha sido dise\u00f1ado, fabricado y patentado por Borealis e instalado y testado por Clysema, ambas pertenecientes a la Corporaci\u00f3n.<\/p>\n<p>Este evento finaliz\u00f3 con el entusiasmo de todos los integrantes en el futuro \u00e9xito de este proyecto y con la confianza de las posibilidades que generar\u00e1 para la industria espa\u00f1ola.<\/p>\n<p><img decoding=\"async\" class=\"aligncenter size-full wp-image-281\" title=\"Visita del MINECO al Instituto tecnol\u00f3gico La Mara\u00f1osa\u009d\" src=\"http:\/\/camposcorporacion.com\/wordpress\/wp-content\/uploads\/2014\/01\/Campos_Corporacion.jpg\" sizes=\"(max-width: 694px) 100vw, 694px\" alt=\"Visita del MINECO al Instituto tecnol\u00f3gico La Mara\u00f1osa\u009d\" width=\"100%\" height=\"100%\" \/><\/p>\n","protected":false},"excerpt":{"rendered":"<p>El pasado d\u00eda 09 de Octubre de 2013 tuvo lugar en las instalaciones del Instituto Tecnol\u00f3gico Militar \u00abLa Mara\u00f1osa\u00bb la [&hellip;]<\/p>\n","protected":false},"author":2,"featured_media":5376,"comment_status":"closed","ping_status":"open","sticky":false,"template":"","format":"standard","meta":{"footnotes":""},"categories":[89,85],"tags":[],"class_list":["post-4929","post","type-post","status-publish","format-standard","has-post-thumbnail","hentry","category-climatizacion","category-noticias-corporativas"],"yoast_head":"<!-- This site is optimized with the Yoast SEO plugin v27.3 - https:\/\/yoast.com\/product\/yoast-seo-wordpress\/ -->\n<title>Visita del MINECO al Instituto tecnol\u00f3gico La Mara\u00f1osa. - Campos<\/title>\n<meta name=\"robots\" content=\"index, follow, max-snippet:-1, max-image-preview:large, max-video-preview:-1\" \/>\n<link rel=\"canonical\" href=\"https:\/\/camposcorporacion.com\/visita-del-mineco-al-instituto-tecnologico-la-maranosa\/\" \/>\n<meta property=\"og:locale\" content=\"en_US\" \/>\n<meta property=\"og:type\" content=\"article\" \/>\n<meta property=\"og:title\" content=\"Visita del MINECO al Instituto tecnol\u00f3gico La Mara\u00f1osa. - Campos\" \/>\n<meta property=\"og:description\" content=\"El pasado d\u00eda 09 de Octubre de 2013 tuvo lugar en las instalaciones del Instituto Tecnol\u00f3gico Militar \u00abLa Mara\u00f1osa\u00bb la [&hellip;]\" \/>\n<meta property=\"og:url\" content=\"https:\/\/camposcorporacion.com\/visita-del-mineco-al-instituto-tecnologico-la-maranosa\/\" \/>\n<meta property=\"og:site_name\" content=\"Campos\" \/>\n<meta property=\"article:published_time\" content=\"2013-10-17T12:40:21+00:00\" \/>\n<meta property=\"article:modified_time\" content=\"2024-04-16T08:45:35+00:00\" \/>\n<meta property=\"og:image\" content=\"https:\/\/camposcorporacion.com\/wp-content\/uploads\/2013\/10\/visita-del-mineco-al-instituto-tecnologico-la-maranosa.jpg\" \/>\n\t<meta property=\"og:image:width\" content=\"694\" \/>\n\t<meta property=\"og:image:height\" content=\"521\" \/>\n\t<meta property=\"og:image:type\" content=\"image\/jpeg\" \/>\n<meta name=\"author\" content=\"Campos\" \/>\n<meta name=\"twitter:card\" content=\"summary_large_image\" \/>\n<meta name=\"twitter:label1\" content=\"Written by\" \/>\n\t<meta name=\"twitter:data1\" content=\"Campos\" \/>\n\t<meta name=\"twitter:label2\" content=\"Est. reading time\" \/>\n\t<meta name=\"twitter:data2\" content=\"2 minutes\" \/>\n<script type=\"application\/ld+json\" class=\"yoast-schema-graph\">{\"@context\":\"https:\\\/\\\/schema.org\",\"@graph\":[{\"@type\":\"Article\",\"@id\":\"https:\\\/\\\/camposcorporacion.com\\\/visita-del-mineco-al-instituto-tecnologico-la-maranosa\\\/#article\",\"isPartOf\":{\"@id\":\"https:\\\/\\\/camposcorporacion.com\\\/visita-del-mineco-al-instituto-tecnologico-la-maranosa\\\/\"},\"author\":{\"name\":\"Campos\",\"@id\":\"https:\\\/\\\/camposcorporacion.com\\\/#\\\/schema\\\/person\\\/28c4749bffada975dd2d764fd4efd894\"},\"headline\":\"Visita del MINECO al Instituto tecnol\u00f3gico La Mara\u00f1osa.\",\"datePublished\":\"2013-10-17T12:40:21+00:00\",\"dateModified\":\"2024-04-16T08:45:35+00:00\",\"mainEntityOfPage\":{\"@id\":\"https:\\\/\\\/camposcorporacion.com\\\/visita-del-mineco-al-instituto-tecnologico-la-maranosa\\\/\"},\"wordCount\":306,\"publisher\":{\"@id\":\"https:\\\/\\\/camposcorporacion.com\\\/#organization\"},\"image\":{\"@id\":\"https:\\\/\\\/camposcorporacion.com\\\/visita-del-mineco-al-instituto-tecnologico-la-maranosa\\\/#primaryimage\"},\"thumbnailUrl\":\"https:\\\/\\\/camposcorporacion.com\\\/wp-content\\\/uploads\\\/2013\\\/10\\\/visita-del-mineco-al-instituto-tecnologico-la-maranosa.jpg\",\"articleSection\":[\"Climatizaci\u00f3n\",\"Noticias corporativas\"],\"inLanguage\":\"en-US\"},{\"@type\":\"WebPage\",\"@id\":\"https:\\\/\\\/camposcorporacion.com\\\/visita-del-mineco-al-instituto-tecnologico-la-maranosa\\\/\",\"url\":\"https:\\\/\\\/camposcorporacion.com\\\/visita-del-mineco-al-instituto-tecnologico-la-maranosa\\\/\",\"name\":\"Visita del MINECO al Instituto tecnol\u00f3gico La Mara\u00f1osa. - Campos\",\"isPartOf\":{\"@id\":\"https:\\\/\\\/camposcorporacion.com\\\/#website\"},\"primaryImageOfPage\":{\"@id\":\"https:\\\/\\\/camposcorporacion.com\\\/visita-del-mineco-al-instituto-tecnologico-la-maranosa\\\/#primaryimage\"},\"image\":{\"@id\":\"https:\\\/\\\/camposcorporacion.com\\\/visita-del-mineco-al-instituto-tecnologico-la-maranosa\\\/#primaryimage\"},\"thumbnailUrl\":\"https:\\\/\\\/camposcorporacion.com\\\/wp-content\\\/uploads\\\/2013\\\/10\\\/visita-del-mineco-al-instituto-tecnologico-la-maranosa.jpg\",\"datePublished\":\"2013-10-17T12:40:21+00:00\",\"dateModified\":\"2024-04-16T08:45:35+00:00\",\"inLanguage\":\"en-US\",\"potentialAction\":[{\"@type\":\"ReadAction\",\"target\":[\"https:\\\/\\\/camposcorporacion.com\\\/visita-del-mineco-al-instituto-tecnologico-la-maranosa\\\/\"]}]},{\"@type\":\"ImageObject\",\"inLanguage\":\"en-US\",\"@id\":\"https:\\\/\\\/camposcorporacion.com\\\/visita-del-mineco-al-instituto-tecnologico-la-maranosa\\\/#primaryimage\",\"url\":\"https:\\\/\\\/camposcorporacion.com\\\/wp-content\\\/uploads\\\/2013\\\/10\\\/visita-del-mineco-al-instituto-tecnologico-la-maranosa.jpg\",\"contentUrl\":\"https:\\\/\\\/camposcorporacion.com\\\/wp-content\\\/uploads\\\/2013\\\/10\\\/visita-del-mineco-al-instituto-tecnologico-la-maranosa.jpg\",\"width\":694,\"height\":521},{\"@type\":\"WebSite\",\"@id\":\"https:\\\/\\\/camposcorporacion.com\\\/#website\",\"url\":\"https:\\\/\\\/camposcorporacion.com\\\/\",\"name\":\"Campos\",\"description\":\"\",\"publisher\":{\"@id\":\"https:\\\/\\\/camposcorporacion.com\\\/#organization\"},\"potentialAction\":[{\"@type\":\"SearchAction\",\"target\":{\"@type\":\"EntryPoint\",\"urlTemplate\":\"https:\\\/\\\/camposcorporacion.com\\\/?s={search_term_string}\"},\"query-input\":{\"@type\":\"PropertyValueSpecification\",\"valueRequired\":true,\"valueName\":\"search_term_string\"}}],\"inLanguage\":\"en-US\"},{\"@type\":\"Organization\",\"@id\":\"https:\\\/\\\/camposcorporacion.com\\\/#organization\",\"name\":\"Campos Corporaci\u00f3n\",\"alternateName\":\"Campos\",\"url\":\"https:\\\/\\\/camposcorporacion.com\\\/\",\"logo\":{\"@type\":\"ImageObject\",\"inLanguage\":\"en-US\",\"@id\":\"https:\\\/\\\/camposcorporacion.com\\\/#\\\/schema\\\/logo\\\/image\\\/\",\"url\":\"https:\\\/\\\/camposcorporacion.com\\\/wp-content\\\/uploads\\\/2026\\\/03\\\/campos-yoast.png\",\"contentUrl\":\"https:\\\/\\\/camposcorporacion.com\\\/wp-content\\\/uploads\\\/2026\\\/03\\\/campos-yoast.png\",\"width\":696,\"height\":696,\"caption\":\"Campos Corporaci\u00f3n\"},\"image\":{\"@id\":\"https:\\\/\\\/camposcorporacion.com\\\/#\\\/schema\\\/logo\\\/image\\\/\"}},{\"@type\":\"Person\",\"@id\":\"https:\\\/\\\/camposcorporacion.com\\\/#\\\/schema\\\/person\\\/28c4749bffada975dd2d764fd4efd894\",\"name\":\"Campos\",\"image\":{\"@type\":\"ImageObject\",\"inLanguage\":\"en-US\",\"@id\":\"https:\\\/\\\/secure.gravatar.com\\\/avatar\\\/348e3148e60a9d417f4c7f711aaf87be299fbcf0e73ff7db0a825e5c3ff7d166?s=96&d=mm&r=g\",\"url\":\"https:\\\/\\\/secure.gravatar.com\\\/avatar\\\/348e3148e60a9d417f4c7f711aaf87be299fbcf0e73ff7db0a825e5c3ff7d166?s=96&d=mm&r=g\",\"contentUrl\":\"https:\\\/\\\/secure.gravatar.com\\\/avatar\\\/348e3148e60a9d417f4c7f711aaf87be299fbcf0e73ff7db0a825e5c3ff7d166?s=96&d=mm&r=g\",\"caption\":\"Campos\"}}]}<\/script>\n<!-- \/ Yoast SEO plugin. -->","yoast_head_json":{"title":"Visita del MINECO al Instituto tecnol\u00f3gico La Mara\u00f1osa. - Campos","robots":{"index":"index","follow":"follow","max-snippet":"max-snippet:-1","max-image-preview":"max-image-preview:large","max-video-preview":"max-video-preview:-1"},"canonical":"https:\/\/camposcorporacion.com\/visita-del-mineco-al-instituto-tecnologico-la-maranosa\/","og_locale":"en_US","og_type":"article","og_title":"Visita del MINECO al Instituto tecnol\u00f3gico La Mara\u00f1osa. - Campos","og_description":"El pasado d\u00eda 09 de Octubre de 2013 tuvo lugar en las instalaciones del Instituto Tecnol\u00f3gico Militar \u00abLa Mara\u00f1osa\u00bb la [&hellip;]","og_url":"https:\/\/camposcorporacion.com\/visita-del-mineco-al-instituto-tecnologico-la-maranosa\/","og_site_name":"Campos","article_published_time":"2013-10-17T12:40:21+00:00","article_modified_time":"2024-04-16T08:45:35+00:00","og_image":[{"width":694,"height":521,"url":"https:\/\/camposcorporacion.com\/wp-content\/uploads\/2013\/10\/visita-del-mineco-al-instituto-tecnologico-la-maranosa.jpg","type":"image\/jpeg"}],"author":"Campos","twitter_card":"summary_large_image","twitter_misc":{"Written by":"Campos","Est. reading time":"2 minutes"},"schema":{"@context":"https:\/\/schema.org","@graph":[{"@type":"Article","@id":"https:\/\/camposcorporacion.com\/visita-del-mineco-al-instituto-tecnologico-la-maranosa\/#article","isPartOf":{"@id":"https:\/\/camposcorporacion.com\/visita-del-mineco-al-instituto-tecnologico-la-maranosa\/"},"author":{"name":"Campos","@id":"https:\/\/camposcorporacion.com\/#\/schema\/person\/28c4749bffada975dd2d764fd4efd894"},"headline":"Visita del MINECO al Instituto tecnol\u00f3gico La Mara\u00f1osa.","datePublished":"2013-10-17T12:40:21+00:00","dateModified":"2024-04-16T08:45:35+00:00","mainEntityOfPage":{"@id":"https:\/\/camposcorporacion.com\/visita-del-mineco-al-instituto-tecnologico-la-maranosa\/"},"wordCount":306,"publisher":{"@id":"https:\/\/camposcorporacion.com\/#organization"},"image":{"@id":"https:\/\/camposcorporacion.com\/visita-del-mineco-al-instituto-tecnologico-la-maranosa\/#primaryimage"},"thumbnailUrl":"https:\/\/camposcorporacion.com\/wp-content\/uploads\/2013\/10\/visita-del-mineco-al-instituto-tecnologico-la-maranosa.jpg","articleSection":["Climatizaci\u00f3n","Noticias corporativas"],"inLanguage":"en-US"},{"@type":"WebPage","@id":"https:\/\/camposcorporacion.com\/visita-del-mineco-al-instituto-tecnologico-la-maranosa\/","url":"https:\/\/camposcorporacion.com\/visita-del-mineco-al-instituto-tecnologico-la-maranosa\/","name":"Visita del MINECO al Instituto tecnol\u00f3gico La Mara\u00f1osa. - Campos","isPartOf":{"@id":"https:\/\/camposcorporacion.com\/#website"},"primaryImageOfPage":{"@id":"https:\/\/camposcorporacion.com\/visita-del-mineco-al-instituto-tecnologico-la-maranosa\/#primaryimage"},"image":{"@id":"https:\/\/camposcorporacion.com\/visita-del-mineco-al-instituto-tecnologico-la-maranosa\/#primaryimage"},"thumbnailUrl":"https:\/\/camposcorporacion.com\/wp-content\/uploads\/2013\/10\/visita-del-mineco-al-instituto-tecnologico-la-maranosa.jpg","datePublished":"2013-10-17T12:40:21+00:00","dateModified":"2024-04-16T08:45:35+00:00","inLanguage":"en-US","potentialAction":[{"@type":"ReadAction","target":["https:\/\/camposcorporacion.com\/visita-del-mineco-al-instituto-tecnologico-la-maranosa\/"]}]},{"@type":"ImageObject","inLanguage":"en-US","@id":"https:\/\/camposcorporacion.com\/visita-del-mineco-al-instituto-tecnologico-la-maranosa\/#primaryimage","url":"https:\/\/camposcorporacion.com\/wp-content\/uploads\/2013\/10\/visita-del-mineco-al-instituto-tecnologico-la-maranosa.jpg","contentUrl":"https:\/\/camposcorporacion.com\/wp-content\/uploads\/2013\/10\/visita-del-mineco-al-instituto-tecnologico-la-maranosa.jpg","width":694,"height":521},{"@type":"WebSite","@id":"https:\/\/camposcorporacion.com\/#website","url":"https:\/\/camposcorporacion.com\/","name":"Campos","description":"","publisher":{"@id":"https:\/\/camposcorporacion.com\/#organization"},"potentialAction":[{"@type":"SearchAction","target":{"@type":"EntryPoint","urlTemplate":"https:\/\/camposcorporacion.com\/?s={search_term_string}"},"query-input":{"@type":"PropertyValueSpecification","valueRequired":true,"valueName":"search_term_string"}}],"inLanguage":"en-US"},{"@type":"Organization","@id":"https:\/\/camposcorporacion.com\/#organization","name":"Campos Corporaci\u00f3n","alternateName":"Campos","url":"https:\/\/camposcorporacion.com\/","logo":{"@type":"ImageObject","inLanguage":"en-US","@id":"https:\/\/camposcorporacion.com\/#\/schema\/logo\/image\/","url":"https:\/\/camposcorporacion.com\/wp-content\/uploads\/2026\/03\/campos-yoast.png","contentUrl":"https:\/\/camposcorporacion.com\/wp-content\/uploads\/2026\/03\/campos-yoast.png","width":696,"height":696,"caption":"Campos Corporaci\u00f3n"},"image":{"@id":"https:\/\/camposcorporacion.com\/#\/schema\/logo\/image\/"}},{"@type":"Person","@id":"https:\/\/camposcorporacion.com\/#\/schema\/person\/28c4749bffada975dd2d764fd4efd894","name":"Campos","image":{"@type":"ImageObject","inLanguage":"en-US","@id":"https:\/\/secure.gravatar.com\/avatar\/348e3148e60a9d417f4c7f711aaf87be299fbcf0e73ff7db0a825e5c3ff7d166?s=96&d=mm&r=g","url":"https:\/\/secure.gravatar.com\/avatar\/348e3148e60a9d417f4c7f711aaf87be299fbcf0e73ff7db0a825e5c3ff7d166?s=96&d=mm&r=g","contentUrl":"https:\/\/secure.gravatar.com\/avatar\/348e3148e60a9d417f4c7f711aaf87be299fbcf0e73ff7db0a825e5c3ff7d166?s=96&d=mm&r=g","caption":"Campos"}}]}},"_links":{"self":[{"href":"https:\/\/camposcorporacion.com\/en\/wp-json\/wp\/v2\/posts\/4929","targetHints":{"allow":["GET"]}}],"collection":[{"href":"https:\/\/camposcorporacion.com\/en\/wp-json\/wp\/v2\/posts"}],"about":[{"href":"https:\/\/camposcorporacion.com\/en\/wp-json\/wp\/v2\/types\/post"}],"author":[{"embeddable":true,"href":"https:\/\/camposcorporacion.com\/en\/wp-json\/wp\/v2\/users\/2"}],"replies":[{"embeddable":true,"href":"https:\/\/camposcorporacion.com\/en\/wp-json\/wp\/v2\/comments?post=4929"}],"version-history":[{"count":0,"href":"https:\/\/camposcorporacion.com\/en\/wp-json\/wp\/v2\/posts\/4929\/revisions"}],"wp:featuredmedia":[{"embeddable":true,"href":"https:\/\/camposcorporacion.com\/en\/wp-json\/wp\/v2\/media\/5376"}],"wp:attachment":[{"href":"https:\/\/camposcorporacion.com\/en\/wp-json\/wp\/v2\/media?parent=4929"}],"wp:term":[{"taxonomy":"category","embeddable":true,"href":"https:\/\/camposcorporacion.com\/en\/wp-json\/wp\/v2\/categories?post=4929"},{"taxonomy":"post_tag","embeddable":true,"href":"https:\/\/camposcorporacion.com\/en\/wp-json\/wp\/v2\/tags?post=4929"}],"curies":[{"name":"wp","href":"https:\/\/api.w.org\/{rel}","templated":true}]}}