{"id":4924,"date":"2014-02-13T11:02:51","date_gmt":"2014-02-13T11:02:51","guid":{"rendered":"http:\/\/camposcorporacion.com\/campos-corporacion-participa-en-las-jornadas-como-reducir-el-coste-de-la-factura-electrica-organizadas-por-avaesen\/"},"modified":"2024-04-16T08:45:55","modified_gmt":"2024-04-16T08:45:55","slug":"campos-corporacion-participa-en-las-jornadas-como-reducir-el-coste-de-la-factura-electrica-organizadas-por-avaesen","status":"publish","type":"post","link":"https:\/\/camposcorporacion.com\/en\/campos-corporacion-participa-en-las-jornadas-como-reducir-el-coste-de-la-factura-electrica-organizadas-por-avaesen\/","title":{"rendered":"Campos Corporaci\u00f3n participa en las jornadas \u2018\u2019C\u00f3mo reducir el coste de la factura el\u00e9ctrica\u2019\u2019 organizadas por Avaesen"},"content":{"rendered":"<p>Campos Corporacion asisti\u00f3 como ponente a la jornadas organizadas por la patronal de la energ\u00eda <a title=\"AVAESEN\" href=\"http:\/\/avaesen.ite.es\/\" target=\"_blank\" rel=\"noopener\">Avaesen<\/a> e <a title=\"InnDEA Valencia\" href=\"http:\/\/inndeavalencia.com\/\" target=\"_blank\" rel=\"noopener\">InnDEA Valencia<\/a> que tuvieron lugar en la capital valenciana el pasado 30 de enero, y en las que se reunieron expertos del sector el\u00e9ctrico con la intenci\u00f3n de explicar los conceptos que integran la factura el\u00e9ctrica y las alternativas para reducir la misma, as\u00ed como las ultimas estrategias de ahorro y eficiencia.<\/p>\n<p>Alfonso Granados, director t\u00e9cnico de Campos Corporaci\u00f3n y experto en eficiencia energ\u00e9tica, particip\u00f3 en el taller \u2018\u2019Como reducir el coste de la factura el\u00e9ctrica\u2019\u2019, en una mesa redonda en la que junto con Juan Manuel Revuelta de la Fundaci\u00f3n Finnovaregio, Ra\u00fal Aznar de la Asociaci\u00f3n vecinal Bussines Angels y V\u00edctor Guimer\u00e1 de Sun Castello Gesti\u00f3n, se habl\u00f3 sobre \u2018\u2019Estrategias de eficiencia energ\u00e9tica en la Comunitat Valenciana. Lo que funciona y en lo que se invierte actualmente\u2019\u2019.<\/p>\n<p>Espa\u00f1a es uno de los tres pa\u00edses con el precio de la electricidad m\u00e1s alto de la Uni\u00f3n Europea. El precio del kilovatio por hora en Espa\u00f1a ha aumentado un 74,5% desde 2007, (Eurostat).<br \/>\nEn el seminario se explic\u00f3 cu\u00e1l es la situaci\u00f3n real del mercado y la competencia, para una clara comprensi\u00f3n del funcionamiento del mercado el\u00e9ctrico, as\u00ed como presentar nuevas estrategias de eficiencia energ\u00e9tica y nichos de mercado en el contexto energ\u00e9tico actual.<\/p>\n<div id=\"attachment_2318\" class=\"wp-caption aligncenter\" style=\"width: 704px;\"><a href=\"http:\/\/camposcorporacion.com\/wordpress\/wp-content\/uploads\/2014\/03\/WEB-ANTIGUA.jpg\"><img loading=\"lazy\" decoding=\"async\" class=\"size-full wp-image-2318\" src=\"http:\/\/camposcorporacion.com\/wordpress\/wp-content\/uploads\/2014\/03\/WEB-ANTIGUA.jpg\" sizes=\"auto, (max-width: 694px) 100vw, 694px\" alt=\"Director t\u00e9cnico de Campos Corporaci\u00f3n en la Mesa redonda jornadas Como reducir el coste de la factura el\u00e9ctrica organizadas por AVAESEN\" width=\"694\" height=\"521\" \/><\/a><\/p>\n<p class=\"wp-caption-text\">Mesa redonda jornadas Como reducir el coste de la factura el\u00e9ctrica<\/p>\n<\/div>\n","protected":false},"excerpt":{"rendered":"<p>Campos Corporacion asisti\u00f3 como ponente a la jornadas organizadas por la patronal de la energ\u00eda Avaesen e InnDEA Valencia que [&hellip;]<\/p>\n","protected":false},"author":2,"featured_media":5370,"comment_status":"closed","ping_status":"open","sticky":false,"template":"","format":"standard","meta":{"footnotes":""},"categories":[88,85],"tags":[],"class_list":["post-4924","post","type-post","status-publish","format-standard","has-post-thumbnail","hentry","category-energia","category-noticias-corporativas"],"yoast_head":"<!-- This site is optimized with the Yoast SEO plugin v27.3 - https:\/\/yoast.com\/product\/yoast-seo-wordpress\/ -->\n<title>Campos Corporaci\u00f3n participa en las jornadas \u2018\u2019C\u00f3mo reducir el coste de la factura el\u00e9ctrica\u2019\u2019 organizadas por Avaesen - Campos<\/title>\n<meta name=\"robots\" content=\"index, follow, max-snippet:-1, max-image-preview:large, max-video-preview:-1\" \/>\n<link rel=\"canonical\" href=\"https:\/\/camposcorporacion.com\/campos-corporacion-participa-en-las-jornadas-como-reducir-el-coste-de-la-factura-electrica-organizadas-por-avaesen\/\" \/>\n<meta property=\"og:locale\" content=\"en_US\" \/>\n<meta property=\"og:type\" content=\"article\" \/>\n<meta property=\"og:title\" content=\"Campos Corporaci\u00f3n participa en las jornadas \u2018\u2019C\u00f3mo reducir el coste de la factura el\u00e9ctrica\u2019\u2019 organizadas por Avaesen - Campos\" \/>\n<meta property=\"og:description\" content=\"Campos Corporacion asisti\u00f3 como ponente a la jornadas organizadas por la patronal de la energ\u00eda Avaesen e InnDEA Valencia que [&hellip;]\" \/>\n<meta property=\"og:url\" content=\"https:\/\/camposcorporacion.com\/campos-corporacion-participa-en-las-jornadas-como-reducir-el-coste-de-la-factura-electrica-organizadas-por-avaesen\/\" \/>\n<meta property=\"og:site_name\" content=\"Campos\" \/>\n<meta property=\"article:published_time\" content=\"2014-02-13T11:02:51+00:00\" \/>\n<meta property=\"article:modified_time\" content=\"2024-04-16T08:45:55+00:00\" \/>\n<meta property=\"og:image\" content=\"https:\/\/camposcorporacion.com\/wp-content\/uploads\/2014\/02\/campos-corporacion-participa-en-las-jornadas-como-reducir-el-coste-de-la-factura-electrica-organizadas-por-avaesen.jpg\" \/>\n\t<meta property=\"og:image:width\" content=\"694\" \/>\n\t<meta property=\"og:image:height\" content=\"521\" \/>\n\t<meta property=\"og:image:type\" content=\"image\/jpeg\" \/>\n<meta name=\"author\" content=\"Campos\" \/>\n<meta name=\"twitter:card\" content=\"summary_large_image\" \/>\n<meta name=\"twitter:label1\" content=\"Written by\" \/>\n\t<meta name=\"twitter:data1\" content=\"Campos\" \/>\n\t<meta name=\"twitter:label2\" content=\"Est. reading time\" \/>\n\t<meta name=\"twitter:data2\" content=\"2 minutes\" \/>\n<script type=\"application\/ld+json\" class=\"yoast-schema-graph\">{\"@context\":\"https:\\\/\\\/schema.org\",\"@graph\":[{\"@type\":\"Article\",\"@id\":\"https:\\\/\\\/camposcorporacion.com\\\/campos-corporacion-participa-en-las-jornadas-como-reducir-el-coste-de-la-factura-electrica-organizadas-por-avaesen\\\/#article\",\"isPartOf\":{\"@id\":\"https:\\\/\\\/camposcorporacion.com\\\/campos-corporacion-participa-en-las-jornadas-como-reducir-el-coste-de-la-factura-electrica-organizadas-por-avaesen\\\/\"},\"author\":{\"name\":\"Campos\",\"@id\":\"https:\\\/\\\/camposcorporacion.com\\\/#\\\/schema\\\/person\\\/28c4749bffada975dd2d764fd4efd894\"},\"headline\":\"Campos Corporaci\u00f3n participa en las jornadas \u2018\u2019C\u00f3mo reducir el coste de la factura el\u00e9ctrica\u2019\u2019 organizadas por Avaesen\",\"datePublished\":\"2014-02-13T11:02:51+00:00\",\"dateModified\":\"2024-04-16T08:45:55+00:00\",\"mainEntityOfPage\":{\"@id\":\"https:\\\/\\\/camposcorporacion.com\\\/campos-corporacion-participa-en-las-jornadas-como-reducir-el-coste-de-la-factura-electrica-organizadas-por-avaesen\\\/\"},\"wordCount\":274,\"publisher\":{\"@id\":\"https:\\\/\\\/camposcorporacion.com\\\/#organization\"},\"image\":{\"@id\":\"https:\\\/\\\/camposcorporacion.com\\\/campos-corporacion-participa-en-las-jornadas-como-reducir-el-coste-de-la-factura-electrica-organizadas-por-avaesen\\\/#primaryimage\"},\"thumbnailUrl\":\"https:\\\/\\\/camposcorporacion.com\\\/wp-content\\\/uploads\\\/2014\\\/02\\\/campos-corporacion-participa-en-las-jornadas-como-reducir-el-coste-de-la-factura-electrica-organizadas-por-avaesen.jpg\",\"articleSection\":[\"Energ\u00eda\",\"Noticias corporativas\"],\"inLanguage\":\"en-US\"},{\"@type\":\"WebPage\",\"@id\":\"https:\\\/\\\/camposcorporacion.com\\\/campos-corporacion-participa-en-las-jornadas-como-reducir-el-coste-de-la-factura-electrica-organizadas-por-avaesen\\\/\",\"url\":\"https:\\\/\\\/camposcorporacion.com\\\/campos-corporacion-participa-en-las-jornadas-como-reducir-el-coste-de-la-factura-electrica-organizadas-por-avaesen\\\/\",\"name\":\"Campos Corporaci\u00f3n participa en las jornadas \u2018\u2019C\u00f3mo reducir el coste de la factura el\u00e9ctrica\u2019\u2019 organizadas por Avaesen - Campos\",\"isPartOf\":{\"@id\":\"https:\\\/\\\/camposcorporacion.com\\\/#website\"},\"primaryImageOfPage\":{\"@id\":\"https:\\\/\\\/camposcorporacion.com\\\/campos-corporacion-participa-en-las-jornadas-como-reducir-el-coste-de-la-factura-electrica-organizadas-por-avaesen\\\/#primaryimage\"},\"image\":{\"@id\":\"https:\\\/\\\/camposcorporacion.com\\\/campos-corporacion-participa-en-las-jornadas-como-reducir-el-coste-de-la-factura-electrica-organizadas-por-avaesen\\\/#primaryimage\"},\"thumbnailUrl\":\"https:\\\/\\\/camposcorporacion.com\\\/wp-content\\\/uploads\\\/2014\\\/02\\\/campos-corporacion-participa-en-las-jornadas-como-reducir-el-coste-de-la-factura-electrica-organizadas-por-avaesen.jpg\",\"datePublished\":\"2014-02-13T11:02:51+00:00\",\"dateModified\":\"2024-04-16T08:45:55+00:00\",\"inLanguage\":\"en-US\",\"potentialAction\":[{\"@type\":\"ReadAction\",\"target\":[\"https:\\\/\\\/camposcorporacion.com\\\/campos-corporacion-participa-en-las-jornadas-como-reducir-el-coste-de-la-factura-electrica-organizadas-por-avaesen\\\/\"]}]},{\"@type\":\"ImageObject\",\"inLanguage\":\"en-US\",\"@id\":\"https:\\\/\\\/camposcorporacion.com\\\/campos-corporacion-participa-en-las-jornadas-como-reducir-el-coste-de-la-factura-electrica-organizadas-por-avaesen\\\/#primaryimage\",\"url\":\"https:\\\/\\\/camposcorporacion.com\\\/wp-content\\\/uploads\\\/2014\\\/02\\\/campos-corporacion-participa-en-las-jornadas-como-reducir-el-coste-de-la-factura-electrica-organizadas-por-avaesen.jpg\",\"contentUrl\":\"https:\\\/\\\/camposcorporacion.com\\\/wp-content\\\/uploads\\\/2014\\\/02\\\/campos-corporacion-participa-en-las-jornadas-como-reducir-el-coste-de-la-factura-electrica-organizadas-por-avaesen.jpg\",\"width\":694,\"height\":521},{\"@type\":\"WebSite\",\"@id\":\"https:\\\/\\\/camposcorporacion.com\\\/#website\",\"url\":\"https:\\\/\\\/camposcorporacion.com\\\/\",\"name\":\"Campos\",\"description\":\"\",\"publisher\":{\"@id\":\"https:\\\/\\\/camposcorporacion.com\\\/#organization\"},\"potentialAction\":[{\"@type\":\"SearchAction\",\"target\":{\"@type\":\"EntryPoint\",\"urlTemplate\":\"https:\\\/\\\/camposcorporacion.com\\\/?s={search_term_string}\"},\"query-input\":{\"@type\":\"PropertyValueSpecification\",\"valueRequired\":true,\"valueName\":\"search_term_string\"}}],\"inLanguage\":\"en-US\"},{\"@type\":\"Organization\",\"@id\":\"https:\\\/\\\/camposcorporacion.com\\\/#organization\",\"name\":\"Campos Corporaci\u00f3n\",\"alternateName\":\"Campos\",\"url\":\"https:\\\/\\\/camposcorporacion.com\\\/\",\"logo\":{\"@type\":\"ImageObject\",\"inLanguage\":\"en-US\",\"@id\":\"https:\\\/\\\/camposcorporacion.com\\\/#\\\/schema\\\/logo\\\/image\\\/\",\"url\":\"https:\\\/\\\/camposcorporacion.com\\\/wp-content\\\/uploads\\\/2026\\\/03\\\/campos-yoast.png\",\"contentUrl\":\"https:\\\/\\\/camposcorporacion.com\\\/wp-content\\\/uploads\\\/2026\\\/03\\\/campos-yoast.png\",\"width\":696,\"height\":696,\"caption\":\"Campos Corporaci\u00f3n\"},\"image\":{\"@id\":\"https:\\\/\\\/camposcorporacion.com\\\/#\\\/schema\\\/logo\\\/image\\\/\"}},{\"@type\":\"Person\",\"@id\":\"https:\\\/\\\/camposcorporacion.com\\\/#\\\/schema\\\/person\\\/28c4749bffada975dd2d764fd4efd894\",\"name\":\"Campos\",\"image\":{\"@type\":\"ImageObject\",\"inLanguage\":\"en-US\",\"@id\":\"https:\\\/\\\/secure.gravatar.com\\\/avatar\\\/348e3148e60a9d417f4c7f711aaf87be299fbcf0e73ff7db0a825e5c3ff7d166?s=96&d=mm&r=g\",\"url\":\"https:\\\/\\\/secure.gravatar.com\\\/avatar\\\/348e3148e60a9d417f4c7f711aaf87be299fbcf0e73ff7db0a825e5c3ff7d166?s=96&d=mm&r=g\",\"contentUrl\":\"https:\\\/\\\/secure.gravatar.com\\\/avatar\\\/348e3148e60a9d417f4c7f711aaf87be299fbcf0e73ff7db0a825e5c3ff7d166?s=96&d=mm&r=g\",\"caption\":\"Campos\"}}]}<\/script>\n<!-- \/ Yoast SEO plugin. -->","yoast_head_json":{"title":"Campos Corporaci\u00f3n participa en las jornadas \u2018\u2019C\u00f3mo reducir el coste de la factura el\u00e9ctrica\u2019\u2019 organizadas por Avaesen - Campos","robots":{"index":"index","follow":"follow","max-snippet":"max-snippet:-1","max-image-preview":"max-image-preview:large","max-video-preview":"max-video-preview:-1"},"canonical":"https:\/\/camposcorporacion.com\/campos-corporacion-participa-en-las-jornadas-como-reducir-el-coste-de-la-factura-electrica-organizadas-por-avaesen\/","og_locale":"en_US","og_type":"article","og_title":"Campos Corporaci\u00f3n participa en las jornadas \u2018\u2019C\u00f3mo reducir el coste de la factura el\u00e9ctrica\u2019\u2019 organizadas por Avaesen - Campos","og_description":"Campos Corporacion asisti\u00f3 como ponente a la jornadas organizadas por la patronal de la energ\u00eda Avaesen e InnDEA Valencia que [&hellip;]","og_url":"https:\/\/camposcorporacion.com\/campos-corporacion-participa-en-las-jornadas-como-reducir-el-coste-de-la-factura-electrica-organizadas-por-avaesen\/","og_site_name":"Campos","article_published_time":"2014-02-13T11:02:51+00:00","article_modified_time":"2024-04-16T08:45:55+00:00","og_image":[{"width":694,"height":521,"url":"https:\/\/camposcorporacion.com\/wp-content\/uploads\/2014\/02\/campos-corporacion-participa-en-las-jornadas-como-reducir-el-coste-de-la-factura-electrica-organizadas-por-avaesen.jpg","type":"image\/jpeg"}],"author":"Campos","twitter_card":"summary_large_image","twitter_misc":{"Written by":"Campos","Est. reading time":"2 minutes"},"schema":{"@context":"https:\/\/schema.org","@graph":[{"@type":"Article","@id":"https:\/\/camposcorporacion.com\/campos-corporacion-participa-en-las-jornadas-como-reducir-el-coste-de-la-factura-electrica-organizadas-por-avaesen\/#article","isPartOf":{"@id":"https:\/\/camposcorporacion.com\/campos-corporacion-participa-en-las-jornadas-como-reducir-el-coste-de-la-factura-electrica-organizadas-por-avaesen\/"},"author":{"name":"Campos","@id":"https:\/\/camposcorporacion.com\/#\/schema\/person\/28c4749bffada975dd2d764fd4efd894"},"headline":"Campos Corporaci\u00f3n participa en las jornadas \u2018\u2019C\u00f3mo reducir el coste de la factura el\u00e9ctrica\u2019\u2019 organizadas por Avaesen","datePublished":"2014-02-13T11:02:51+00:00","dateModified":"2024-04-16T08:45:55+00:00","mainEntityOfPage":{"@id":"https:\/\/camposcorporacion.com\/campos-corporacion-participa-en-las-jornadas-como-reducir-el-coste-de-la-factura-electrica-organizadas-por-avaesen\/"},"wordCount":274,"publisher":{"@id":"https:\/\/camposcorporacion.com\/#organization"},"image":{"@id":"https:\/\/camposcorporacion.com\/campos-corporacion-participa-en-las-jornadas-como-reducir-el-coste-de-la-factura-electrica-organizadas-por-avaesen\/#primaryimage"},"thumbnailUrl":"https:\/\/camposcorporacion.com\/wp-content\/uploads\/2014\/02\/campos-corporacion-participa-en-las-jornadas-como-reducir-el-coste-de-la-factura-electrica-organizadas-por-avaesen.jpg","articleSection":["Energ\u00eda","Noticias corporativas"],"inLanguage":"en-US"},{"@type":"WebPage","@id":"https:\/\/camposcorporacion.com\/campos-corporacion-participa-en-las-jornadas-como-reducir-el-coste-de-la-factura-electrica-organizadas-por-avaesen\/","url":"https:\/\/camposcorporacion.com\/campos-corporacion-participa-en-las-jornadas-como-reducir-el-coste-de-la-factura-electrica-organizadas-por-avaesen\/","name":"Campos Corporaci\u00f3n participa en las jornadas \u2018\u2019C\u00f3mo reducir el coste de la factura el\u00e9ctrica\u2019\u2019 organizadas por Avaesen - Campos","isPartOf":{"@id":"https:\/\/camposcorporacion.com\/#website"},"primaryImageOfPage":{"@id":"https:\/\/camposcorporacion.com\/campos-corporacion-participa-en-las-jornadas-como-reducir-el-coste-de-la-factura-electrica-organizadas-por-avaesen\/#primaryimage"},"image":{"@id":"https:\/\/camposcorporacion.com\/campos-corporacion-participa-en-las-jornadas-como-reducir-el-coste-de-la-factura-electrica-organizadas-por-avaesen\/#primaryimage"},"thumbnailUrl":"https:\/\/camposcorporacion.com\/wp-content\/uploads\/2014\/02\/campos-corporacion-participa-en-las-jornadas-como-reducir-el-coste-de-la-factura-electrica-organizadas-por-avaesen.jpg","datePublished":"2014-02-13T11:02:51+00:00","dateModified":"2024-04-16T08:45:55+00:00","inLanguage":"en-US","potentialAction":[{"@type":"ReadAction","target":["https:\/\/camposcorporacion.com\/campos-corporacion-participa-en-las-jornadas-como-reducir-el-coste-de-la-factura-electrica-organizadas-por-avaesen\/"]}]},{"@type":"ImageObject","inLanguage":"en-US","@id":"https:\/\/camposcorporacion.com\/campos-corporacion-participa-en-las-jornadas-como-reducir-el-coste-de-la-factura-electrica-organizadas-por-avaesen\/#primaryimage","url":"https:\/\/camposcorporacion.com\/wp-content\/uploads\/2014\/02\/campos-corporacion-participa-en-las-jornadas-como-reducir-el-coste-de-la-factura-electrica-organizadas-por-avaesen.jpg","contentUrl":"https:\/\/camposcorporacion.com\/wp-content\/uploads\/2014\/02\/campos-corporacion-participa-en-las-jornadas-como-reducir-el-coste-de-la-factura-electrica-organizadas-por-avaesen.jpg","width":694,"height":521},{"@type":"WebSite","@id":"https:\/\/camposcorporacion.com\/#website","url":"https:\/\/camposcorporacion.com\/","name":"Campos","description":"","publisher":{"@id":"https:\/\/camposcorporacion.com\/#organization"},"potentialAction":[{"@type":"SearchAction","target":{"@type":"EntryPoint","urlTemplate":"https:\/\/camposcorporacion.com\/?s={search_term_string}"},"query-input":{"@type":"PropertyValueSpecification","valueRequired":true,"valueName":"search_term_string"}}],"inLanguage":"en-US"},{"@type":"Organization","@id":"https:\/\/camposcorporacion.com\/#organization","name":"Campos Corporaci\u00f3n","alternateName":"Campos","url":"https:\/\/camposcorporacion.com\/","logo":{"@type":"ImageObject","inLanguage":"en-US","@id":"https:\/\/camposcorporacion.com\/#\/schema\/logo\/image\/","url":"https:\/\/camposcorporacion.com\/wp-content\/uploads\/2026\/03\/campos-yoast.png","contentUrl":"https:\/\/camposcorporacion.com\/wp-content\/uploads\/2026\/03\/campos-yoast.png","width":696,"height":696,"caption":"Campos Corporaci\u00f3n"},"image":{"@id":"https:\/\/camposcorporacion.com\/#\/schema\/logo\/image\/"}},{"@type":"Person","@id":"https:\/\/camposcorporacion.com\/#\/schema\/person\/28c4749bffada975dd2d764fd4efd894","name":"Campos","image":{"@type":"ImageObject","inLanguage":"en-US","@id":"https:\/\/secure.gravatar.com\/avatar\/348e3148e60a9d417f4c7f711aaf87be299fbcf0e73ff7db0a825e5c3ff7d166?s=96&d=mm&r=g","url":"https:\/\/secure.gravatar.com\/avatar\/348e3148e60a9d417f4c7f711aaf87be299fbcf0e73ff7db0a825e5c3ff7d166?s=96&d=mm&r=g","contentUrl":"https:\/\/secure.gravatar.com\/avatar\/348e3148e60a9d417f4c7f711aaf87be299fbcf0e73ff7db0a825e5c3ff7d166?s=96&d=mm&r=g","caption":"Campos"}}]}},"_links":{"self":[{"href":"https:\/\/camposcorporacion.com\/en\/wp-json\/wp\/v2\/posts\/4924","targetHints":{"allow":["GET"]}}],"collection":[{"href":"https:\/\/camposcorporacion.com\/en\/wp-json\/wp\/v2\/posts"}],"about":[{"href":"https:\/\/camposcorporacion.com\/en\/wp-json\/wp\/v2\/types\/post"}],"author":[{"embeddable":true,"href":"https:\/\/camposcorporacion.com\/en\/wp-json\/wp\/v2\/users\/2"}],"replies":[{"embeddable":true,"href":"https:\/\/camposcorporacion.com\/en\/wp-json\/wp\/v2\/comments?post=4924"}],"version-history":[{"count":0,"href":"https:\/\/camposcorporacion.com\/en\/wp-json\/wp\/v2\/posts\/4924\/revisions"}],"wp:featuredmedia":[{"embeddable":true,"href":"https:\/\/camposcorporacion.com\/en\/wp-json\/wp\/v2\/media\/5370"}],"wp:attachment":[{"href":"https:\/\/camposcorporacion.com\/en\/wp-json\/wp\/v2\/media?parent=4924"}],"wp:term":[{"taxonomy":"category","embeddable":true,"href":"https:\/\/camposcorporacion.com\/en\/wp-json\/wp\/v2\/categories?post=4924"},{"taxonomy":"post_tag","embeddable":true,"href":"https:\/\/camposcorporacion.com\/en\/wp-json\/wp\/v2\/tags?post=4924"}],"curies":[{"name":"wp","href":"https:\/\/api.w.org\/{rel}","templated":true}]}}