{"id":4878,"date":"2021-03-05T10:31:51","date_gmt":"2021-03-05T10:31:51","guid":{"rendered":"http:\/\/camposcorporacion.com\/como-contribuimos-a-la-mejora-de-la-eficiencia-energetica\/"},"modified":"2024-04-16T08:44:28","modified_gmt":"2024-04-16T08:44:28","slug":"como-contribuimos-a-la-mejora-de-la-eficiencia-energetica","status":"publish","type":"post","link":"https:\/\/camposcorporacion.com\/en\/como-contribuimos-a-la-mejora-de-la-eficiencia-energetica\/","title":{"rendered":"\u00bfC\u00f3mo contribuimos desde Campos Corporaci\u00f3n a la mejora de la Eficiencia Energ\u00e9tica?"},"content":{"rendered":"<p><span style=\"font-weight: 400;\">El <strong>5 de marzo<\/strong> se celebra el <strong>D\u00eda Mundial de la Eficiencia Energ\u00e9tica<\/strong>, con la finalidad de reflexionar, as\u00ed como tambi\u00e9n crear conciencia de la importancia del uso racional de la energ\u00eda para el propio de bien de la raza humana, ya que, de continuar su despilfarro, esto traer\u00eda consecuencias irreparables para el planeta entero.<\/span><\/p>\n<h3><b>\u00bfQu\u00e9 es la eficiencia energ\u00e9tica?<\/b><\/h3>\n<p><span style=\"font-weight: 400;\">Se trata de <strong>optimizar en la medida de lo posible la energ\u00eda a trav\u00e9s de otras fuentes mucho m\u00e1s sostenibles<\/strong>, como, por ejemplo, las energ\u00edas renovables, introducir la pr\u00e1ctica del reciclaje, usar fuentes de energ\u00eda limpia, utilizar la energ\u00eda solar y e\u00f3lica, para coayudar a potenciar la eficiencia energ\u00e9tica a nivel planetario.<\/span><\/p>\n<h3><\/h3>\n<h3><b>\u00bfC\u00f3mo contribuimos desde Campos Corporaci\u00f3n a la mejora de la Eficiencia Energ\u00e9tica?<\/b><\/h3>\n<p><span style=\"font-weight: 400;\">El grupo empresarial est\u00e1 formado por diferentes empresas vinculadas a la construcci\u00f3n, telecomunicaciones, climatizaci\u00f3n y energ\u00edas renovables. Son precisamente en<strong> estas 2 \u00faltimas actividades donde ponemos el foco de la eficiencia energ\u00e9tica<\/strong>. A continuaci\u00f3n explicamos c\u00f3mo lo hacemos a trav\u00e9s de las 3 empresas de la compa\u00f1\u00eda especializadas en eficiencia energ\u00e9tica:<\/span><\/p>\n<h4><img loading=\"lazy\" decoding=\"async\" class=\"aligncenter wp-image-6629 size-large\" src=\"http:\/\/camposcorporacion.com\/wp-content\/uploads\/2021\/03\/campos-corporacion-eficiencia-energetica-928x1124.jpg\" sizes=\"auto, (max-width: 928px) 100vw, 928px\" alt=\"campos-corporacion-eficiencia-energetica\" width=\"928\" height=\"1124\" \/><\/h4>\n<h4><b>BOREALIS<\/b><\/h4>\n<ul>\n<li><b>\u00bfQu\u00e9 perseguimos?<\/b><span style=\"font-weight: 400;\">\u00a0En\u00a0<a href=\"http:\/\/www.atborealis.com\" target=\"_blank\" rel=\"noopener\">Borealis<\/a> perseguimos contribuir con nuestro trabajo a la conservaci\u00f3n del medio ambiente.<\/span><\/li>\n<li><b>\u00bfC\u00f3mo lo hacemos?<\/b><span style=\"font-weight: 400;\"> Desarrollando m\u00e1quinas de climatizaci\u00f3n cada vez m\u00e1s eficientes y que utilicen, en lo posible, las fuentes de energ\u00eda naturales y renovables.<\/span><\/li>\n<li><b>\u00bfC\u00f3mo hemos contribuido hasta ahora en la mejora de la Eficiencia Energ\u00e9tica?<\/b><span style=\"font-weight: 400;\">\u00a0Contribuyendo al movimiento de descarbonizaci\u00f3n del sector de la climatizaci\u00f3n, favoreciendo las tecnolog\u00edas de bomba de calor y recuperaci\u00f3n de energ\u00eda.<\/span><\/li>\n<\/ul>\n<h4><b>CLYSEMA<\/b><\/h4>\n<ul>\n<li><b>\u00bfQu\u00e9 perseguimos? <\/b><span style=\"font-weight: 400;\"><a href=\"http:\/\/www.clysema.com\" target=\"_blank\" rel=\"noopener\">Clysema<\/a> pone a disposici\u00f3n de sus clientes los conocimientos adquiridos y las tecnolog\u00edas utilizadas durante los \u00faltimos treinta a\u00f1os en el campo de la energ\u00eda para proveer de los mayores est\u00e1ndares de eficiencia energ\u00e9tica posibles. El objetivo es satisfacer las necesidades energ\u00e9ticas de nuestros clientes optimizando el consumo de energ\u00eda.<\/span><\/li>\n<li><b>\u00bfC\u00f3mo lo hacemos?<\/b><span style=\"font-weight: 400;\">\u00a0En primer lugar analizamos en qu\u00e9 consume el cliente la energ\u00eda. A continuaci\u00f3n se identifican los \u00abdespilfarros\u00bb, esto es, energ\u00eda que se consume pero que no produce confort ni trabajo \u00fatil. Finalmente se plantean soluciones para, por un lado, utilizar menos energ\u00eda y, por otro lado, producir esa energ\u00eda in situ y de la manera m\u00e1s limpia posible. \u00bfC\u00f3mo? Utilizando sistemas de control inteligentes, soluciones pasivas como aislamientos, generaci\u00f3n con aerotermia, geotermia, fotovoltaica, sistemas de recuperaci\u00f3n de calor, etc\u2026<\/span><\/li>\n<li><b>\u00bfC\u00f3mo hemos contribuido hasta ahora en la mejora de la Eficiencia Energ\u00e9tica?<\/b><span style=\"font-weight: 400;\"> En los \u00faltimos a\u00f1os hemos reducido la huella de carbono en nuestros proyectos entre un 10% y un 35% de media y evitamos anualmente la emisi\u00f3n de 3.000 Tn de CO2 a la atm\u00f3sfera.<\/span><\/li>\n<\/ul>\n<h4><b>CAMPOS RENOVABLES<\/b><\/h4>\n<ul>\n<li><b>\u00bfQu\u00e9 perseguimos? <\/b><span style=\"font-weight: 400;\">Contribuir a la mejora de la eficiencia energ\u00e9tica produciendo energ\u00eda limpia y renovable<\/span><\/li>\n<li><b>\u00bfC\u00f3mo lo hacemos?<\/b><span style=\"font-weight: 400;\">\u00a0Mediante la instalaci\u00f3n de parques solares fotovoltaicos.\u00a0<\/span><\/li>\n<li><b>\u00bfC\u00f3mo hemos contribuido hasta ahora en la mejora de la Eficiencia Energ\u00e9tica? <\/b><span style=\"font-weight: 400;\">Con la instalaci\u00f3n de nuestros parques solares evitamos anualmente la emisi\u00f3n de <\/span><span style=\"font-weight: 400;\">15.800 Tn de CO2 a la atm\u00f3sfera.<\/span><\/li>\n<\/ul>\n<h3><b>\u00bfC\u00f3mo puedes t\u00fa hacer tu peque\u00f1o aporte al planeta?<\/b><\/h3>\n<p><span style=\"font-weight: 400;\">Una buena manera de celebrar el D\u00eda Mundial de la Eficiencia Energ\u00e9tica es <strong>empezar cambiando algunos de nuestros h\u00e1bitos<\/strong>, por ejemplo, hacer de nuestra vivienda un lugar sostenible y reduciendo su consumo energ\u00e9tico.<\/span><\/p>\n<p><span style=\"font-weight: 400;\">S\u00ed de manera consciente y responsable comenzamos hoy mismo con nuestro granito de arena, para que cada d\u00eda haya una mayor eficiencia energ\u00e9tica, el planeta ser\u00e1 un lugar mejor para todos. Puedes poner en pr\u00e1ctica estos sencillos consejos, que har\u00e1n la gran diferencia.<\/span><\/p>\n<ul>\n<li style=\"font-weight: 400;\" aria-level=\"1\"><span style=\"font-weight: 400;\">Usa bombillas de bajo consumo (LED). Consumen menos energ\u00eda.<\/span><\/li>\n<li style=\"font-weight: 400;\" aria-level=\"1\"><span style=\"font-weight: 400;\">Evita dejar las luces encendidas, si no le est\u00e1s dando uso.<\/span><\/li>\n<li style=\"font-weight: 400;\" aria-level=\"1\"><span style=\"font-weight: 400;\">Aseg\u00farate de no dejar los cargadores de los tel\u00e9fonos m\u00f3viles en el enchufe.<\/span><\/li>\n<li style=\"font-weight: 400;\" aria-level=\"1\"><span style=\"font-weight: 400;\">Apagar todos aquellos equipos que no est\u00e9s usando, ordenadores, televisores, etc.<\/span><\/li>\n<li style=\"font-weight: 400;\" aria-level=\"1\"><span style=\"font-weight: 400;\">Aprovechar al m\u00e1ximo la luz natural en nuestras actividades diarias y as\u00ed evitar el uso desmedido de la luz artificial.<\/span><\/li>\n<li style=\"font-weight: 400;\" aria-level=\"1\"><span style=\"font-weight: 400;\">Disminuir el uso de nuestros veh\u00edculos y optar por otros medios de transporte.<\/span><\/li>\n<\/ul>\n<p><span style=\"font-weight: 400;\">Fuente:<a href=\"https:\/\/www.diainternacionalde.com\/ficha\/dia-mundial-eficiencia-energetica\" target=\"_blank\" rel=\"noopener\"> https:\/\/www.diainternacionalde.com\/ficha\/dia-mundial-eficiencia-energetica<\/a><\/span><\/p>\n","protected":false},"excerpt":{"rendered":"<p>El 5 de marzo se celebra el D\u00eda Mundial de la Eficiencia Energ\u00e9tica, con la finalidad de reflexionar, as\u00ed como [&hellip;]<\/p>\n","protected":false},"author":2,"featured_media":5115,"comment_status":"closed","ping_status":"open","sticky":false,"template":"","format":"standard","meta":{"footnotes":""},"categories":[88],"tags":[],"class_list":["post-4878","post","type-post","status-publish","format-standard","has-post-thumbnail","hentry","category-energia"],"yoast_head":"<!-- This site is optimized with the Yoast SEO plugin v27.3 - https:\/\/yoast.com\/product\/yoast-seo-wordpress\/ -->\n<title>\u00bfC\u00f3mo contribuimos desde Campos Corporaci\u00f3n a la mejora de la Eficiencia Energ\u00e9tica? - Campos<\/title>\n<meta name=\"robots\" content=\"index, follow, max-snippet:-1, max-image-preview:large, max-video-preview:-1\" \/>\n<link rel=\"canonical\" href=\"https:\/\/camposcorporacion.com\/como-contribuimos-a-la-mejora-de-la-eficiencia-energetica\/\" \/>\n<meta property=\"og:locale\" content=\"en_US\" \/>\n<meta property=\"og:type\" content=\"article\" \/>\n<meta property=\"og:title\" content=\"\u00bfC\u00f3mo contribuimos desde Campos Corporaci\u00f3n a la mejora de la Eficiencia Energ\u00e9tica? - Campos\" \/>\n<meta property=\"og:description\" content=\"El 5 de marzo se celebra el D\u00eda Mundial de la Eficiencia Energ\u00e9tica, con la finalidad de reflexionar, as\u00ed como [&hellip;]\" \/>\n<meta property=\"og:url\" content=\"https:\/\/camposcorporacion.com\/como-contribuimos-a-la-mejora-de-la-eficiencia-energetica\/\" \/>\n<meta property=\"og:site_name\" content=\"Campos\" \/>\n<meta property=\"article:published_time\" content=\"2021-03-05T10:31:51+00:00\" \/>\n<meta property=\"article:modified_time\" content=\"2024-04-16T08:44:28+00:00\" \/>\n<meta property=\"og:image\" content=\"https:\/\/camposcorporacion.com\/wp-content\/uploads\/2021\/03\/como-contribuimos-a-la-mejora-de-la-eficiencia-energetica.jpg\" \/>\n\t<meta property=\"og:image:width\" content=\"2167\" \/>\n\t<meta property=\"og:image:height\" content=\"1133\" \/>\n\t<meta property=\"og:image:type\" content=\"image\/jpeg\" \/>\n<meta name=\"author\" content=\"Campos\" \/>\n<meta name=\"twitter:card\" content=\"summary_large_image\" \/>\n<meta name=\"twitter:label1\" content=\"Written by\" \/>\n\t<meta name=\"twitter:data1\" content=\"Campos\" \/>\n\t<meta name=\"twitter:label2\" content=\"Est. reading time\" \/>\n\t<meta name=\"twitter:data2\" content=\"4 minutes\" \/>\n<script type=\"application\/ld+json\" class=\"yoast-schema-graph\">{\"@context\":\"https:\\\/\\\/schema.org\",\"@graph\":[{\"@type\":\"Article\",\"@id\":\"https:\\\/\\\/camposcorporacion.com\\\/como-contribuimos-a-la-mejora-de-la-eficiencia-energetica\\\/#article\",\"isPartOf\":{\"@id\":\"https:\\\/\\\/camposcorporacion.com\\\/como-contribuimos-a-la-mejora-de-la-eficiencia-energetica\\\/\"},\"author\":{\"name\":\"Campos\",\"@id\":\"https:\\\/\\\/camposcorporacion.com\\\/#\\\/schema\\\/person\\\/28c4749bffada975dd2d764fd4efd894\"},\"headline\":\"\u00bfC\u00f3mo contribuimos desde Campos Corporaci\u00f3n a la mejora de la Eficiencia Energ\u00e9tica?\",\"datePublished\":\"2021-03-05T10:31:51+00:00\",\"dateModified\":\"2024-04-16T08:44:28+00:00\",\"mainEntityOfPage\":{\"@id\":\"https:\\\/\\\/camposcorporacion.com\\\/como-contribuimos-a-la-mejora-de-la-eficiencia-energetica\\\/\"},\"wordCount\":754,\"publisher\":{\"@id\":\"https:\\\/\\\/camposcorporacion.com\\\/#organization\"},\"image\":{\"@id\":\"https:\\\/\\\/camposcorporacion.com\\\/como-contribuimos-a-la-mejora-de-la-eficiencia-energetica\\\/#primaryimage\"},\"thumbnailUrl\":\"https:\\\/\\\/camposcorporacion.com\\\/wp-content\\\/uploads\\\/2021\\\/03\\\/como-contribuimos-a-la-mejora-de-la-eficiencia-energetica.jpg\",\"articleSection\":[\"Energ\u00eda\"],\"inLanguage\":\"en-US\"},{\"@type\":\"WebPage\",\"@id\":\"https:\\\/\\\/camposcorporacion.com\\\/como-contribuimos-a-la-mejora-de-la-eficiencia-energetica\\\/\",\"url\":\"https:\\\/\\\/camposcorporacion.com\\\/como-contribuimos-a-la-mejora-de-la-eficiencia-energetica\\\/\",\"name\":\"\u00bfC\u00f3mo contribuimos desde Campos Corporaci\u00f3n a la mejora de la Eficiencia Energ\u00e9tica? - Campos\",\"isPartOf\":{\"@id\":\"https:\\\/\\\/camposcorporacion.com\\\/#website\"},\"primaryImageOfPage\":{\"@id\":\"https:\\\/\\\/camposcorporacion.com\\\/como-contribuimos-a-la-mejora-de-la-eficiencia-energetica\\\/#primaryimage\"},\"image\":{\"@id\":\"https:\\\/\\\/camposcorporacion.com\\\/como-contribuimos-a-la-mejora-de-la-eficiencia-energetica\\\/#primaryimage\"},\"thumbnailUrl\":\"https:\\\/\\\/camposcorporacion.com\\\/wp-content\\\/uploads\\\/2021\\\/03\\\/como-contribuimos-a-la-mejora-de-la-eficiencia-energetica.jpg\",\"datePublished\":\"2021-03-05T10:31:51+00:00\",\"dateModified\":\"2024-04-16T08:44:28+00:00\",\"inLanguage\":\"en-US\",\"potentialAction\":[{\"@type\":\"ReadAction\",\"target\":[\"https:\\\/\\\/camposcorporacion.com\\\/como-contribuimos-a-la-mejora-de-la-eficiencia-energetica\\\/\"]}]},{\"@type\":\"ImageObject\",\"inLanguage\":\"en-US\",\"@id\":\"https:\\\/\\\/camposcorporacion.com\\\/como-contribuimos-a-la-mejora-de-la-eficiencia-energetica\\\/#primaryimage\",\"url\":\"https:\\\/\\\/camposcorporacion.com\\\/wp-content\\\/uploads\\\/2021\\\/03\\\/como-contribuimos-a-la-mejora-de-la-eficiencia-energetica.jpg\",\"contentUrl\":\"https:\\\/\\\/camposcorporacion.com\\\/wp-content\\\/uploads\\\/2021\\\/03\\\/como-contribuimos-a-la-mejora-de-la-eficiencia-energetica.jpg\",\"width\":2167,\"height\":1133},{\"@type\":\"WebSite\",\"@id\":\"https:\\\/\\\/camposcorporacion.com\\\/#website\",\"url\":\"https:\\\/\\\/camposcorporacion.com\\\/\",\"name\":\"Campos\",\"description\":\"\",\"publisher\":{\"@id\":\"https:\\\/\\\/camposcorporacion.com\\\/#organization\"},\"potentialAction\":[{\"@type\":\"SearchAction\",\"target\":{\"@type\":\"EntryPoint\",\"urlTemplate\":\"https:\\\/\\\/camposcorporacion.com\\\/?s={search_term_string}\"},\"query-input\":{\"@type\":\"PropertyValueSpecification\",\"valueRequired\":true,\"valueName\":\"search_term_string\"}}],\"inLanguage\":\"en-US\"},{\"@type\":\"Organization\",\"@id\":\"https:\\\/\\\/camposcorporacion.com\\\/#organization\",\"name\":\"Campos Corporaci\u00f3n\",\"alternateName\":\"Campos\",\"url\":\"https:\\\/\\\/camposcorporacion.com\\\/\",\"logo\":{\"@type\":\"ImageObject\",\"inLanguage\":\"en-US\",\"@id\":\"https:\\\/\\\/camposcorporacion.com\\\/#\\\/schema\\\/logo\\\/image\\\/\",\"url\":\"https:\\\/\\\/camposcorporacion.com\\\/wp-content\\\/uploads\\\/2026\\\/03\\\/campos-yoast.png\",\"contentUrl\":\"https:\\\/\\\/camposcorporacion.com\\\/wp-content\\\/uploads\\\/2026\\\/03\\\/campos-yoast.png\",\"width\":696,\"height\":696,\"caption\":\"Campos Corporaci\u00f3n\"},\"image\":{\"@id\":\"https:\\\/\\\/camposcorporacion.com\\\/#\\\/schema\\\/logo\\\/image\\\/\"}},{\"@type\":\"Person\",\"@id\":\"https:\\\/\\\/camposcorporacion.com\\\/#\\\/schema\\\/person\\\/28c4749bffada975dd2d764fd4efd894\",\"name\":\"Campos\",\"image\":{\"@type\":\"ImageObject\",\"inLanguage\":\"en-US\",\"@id\":\"https:\\\/\\\/secure.gravatar.com\\\/avatar\\\/348e3148e60a9d417f4c7f711aaf87be299fbcf0e73ff7db0a825e5c3ff7d166?s=96&d=mm&r=g\",\"url\":\"https:\\\/\\\/secure.gravatar.com\\\/avatar\\\/348e3148e60a9d417f4c7f711aaf87be299fbcf0e73ff7db0a825e5c3ff7d166?s=96&d=mm&r=g\",\"contentUrl\":\"https:\\\/\\\/secure.gravatar.com\\\/avatar\\\/348e3148e60a9d417f4c7f711aaf87be299fbcf0e73ff7db0a825e5c3ff7d166?s=96&d=mm&r=g\",\"caption\":\"Campos\"}}]}<\/script>\n<!-- \/ Yoast SEO plugin. -->","yoast_head_json":{"title":"\u00bfC\u00f3mo contribuimos desde Campos Corporaci\u00f3n a la mejora de la Eficiencia Energ\u00e9tica? - Campos","robots":{"index":"index","follow":"follow","max-snippet":"max-snippet:-1","max-image-preview":"max-image-preview:large","max-video-preview":"max-video-preview:-1"},"canonical":"https:\/\/camposcorporacion.com\/como-contribuimos-a-la-mejora-de-la-eficiencia-energetica\/","og_locale":"en_US","og_type":"article","og_title":"\u00bfC\u00f3mo contribuimos desde Campos Corporaci\u00f3n a la mejora de la Eficiencia Energ\u00e9tica? - Campos","og_description":"El 5 de marzo se celebra el D\u00eda Mundial de la Eficiencia Energ\u00e9tica, con la finalidad de reflexionar, as\u00ed como [&hellip;]","og_url":"https:\/\/camposcorporacion.com\/como-contribuimos-a-la-mejora-de-la-eficiencia-energetica\/","og_site_name":"Campos","article_published_time":"2021-03-05T10:31:51+00:00","article_modified_time":"2024-04-16T08:44:28+00:00","og_image":[{"width":2167,"height":1133,"url":"https:\/\/camposcorporacion.com\/wp-content\/uploads\/2021\/03\/como-contribuimos-a-la-mejora-de-la-eficiencia-energetica.jpg","type":"image\/jpeg"}],"author":"Campos","twitter_card":"summary_large_image","twitter_misc":{"Written by":"Campos","Est. reading time":"4 minutes"},"schema":{"@context":"https:\/\/schema.org","@graph":[{"@type":"Article","@id":"https:\/\/camposcorporacion.com\/como-contribuimos-a-la-mejora-de-la-eficiencia-energetica\/#article","isPartOf":{"@id":"https:\/\/camposcorporacion.com\/como-contribuimos-a-la-mejora-de-la-eficiencia-energetica\/"},"author":{"name":"Campos","@id":"https:\/\/camposcorporacion.com\/#\/schema\/person\/28c4749bffada975dd2d764fd4efd894"},"headline":"\u00bfC\u00f3mo contribuimos desde Campos Corporaci\u00f3n a la mejora de la Eficiencia Energ\u00e9tica?","datePublished":"2021-03-05T10:31:51+00:00","dateModified":"2024-04-16T08:44:28+00:00","mainEntityOfPage":{"@id":"https:\/\/camposcorporacion.com\/como-contribuimos-a-la-mejora-de-la-eficiencia-energetica\/"},"wordCount":754,"publisher":{"@id":"https:\/\/camposcorporacion.com\/#organization"},"image":{"@id":"https:\/\/camposcorporacion.com\/como-contribuimos-a-la-mejora-de-la-eficiencia-energetica\/#primaryimage"},"thumbnailUrl":"https:\/\/camposcorporacion.com\/wp-content\/uploads\/2021\/03\/como-contribuimos-a-la-mejora-de-la-eficiencia-energetica.jpg","articleSection":["Energ\u00eda"],"inLanguage":"en-US"},{"@type":"WebPage","@id":"https:\/\/camposcorporacion.com\/como-contribuimos-a-la-mejora-de-la-eficiencia-energetica\/","url":"https:\/\/camposcorporacion.com\/como-contribuimos-a-la-mejora-de-la-eficiencia-energetica\/","name":"\u00bfC\u00f3mo contribuimos desde Campos Corporaci\u00f3n a la mejora de la Eficiencia Energ\u00e9tica? - Campos","isPartOf":{"@id":"https:\/\/camposcorporacion.com\/#website"},"primaryImageOfPage":{"@id":"https:\/\/camposcorporacion.com\/como-contribuimos-a-la-mejora-de-la-eficiencia-energetica\/#primaryimage"},"image":{"@id":"https:\/\/camposcorporacion.com\/como-contribuimos-a-la-mejora-de-la-eficiencia-energetica\/#primaryimage"},"thumbnailUrl":"https:\/\/camposcorporacion.com\/wp-content\/uploads\/2021\/03\/como-contribuimos-a-la-mejora-de-la-eficiencia-energetica.jpg","datePublished":"2021-03-05T10:31:51+00:00","dateModified":"2024-04-16T08:44:28+00:00","inLanguage":"en-US","potentialAction":[{"@type":"ReadAction","target":["https:\/\/camposcorporacion.com\/como-contribuimos-a-la-mejora-de-la-eficiencia-energetica\/"]}]},{"@type":"ImageObject","inLanguage":"en-US","@id":"https:\/\/camposcorporacion.com\/como-contribuimos-a-la-mejora-de-la-eficiencia-energetica\/#primaryimage","url":"https:\/\/camposcorporacion.com\/wp-content\/uploads\/2021\/03\/como-contribuimos-a-la-mejora-de-la-eficiencia-energetica.jpg","contentUrl":"https:\/\/camposcorporacion.com\/wp-content\/uploads\/2021\/03\/como-contribuimos-a-la-mejora-de-la-eficiencia-energetica.jpg","width":2167,"height":1133},{"@type":"WebSite","@id":"https:\/\/camposcorporacion.com\/#website","url":"https:\/\/camposcorporacion.com\/","name":"Campos","description":"","publisher":{"@id":"https:\/\/camposcorporacion.com\/#organization"},"potentialAction":[{"@type":"SearchAction","target":{"@type":"EntryPoint","urlTemplate":"https:\/\/camposcorporacion.com\/?s={search_term_string}"},"query-input":{"@type":"PropertyValueSpecification","valueRequired":true,"valueName":"search_term_string"}}],"inLanguage":"en-US"},{"@type":"Organization","@id":"https:\/\/camposcorporacion.com\/#organization","name":"Campos Corporaci\u00f3n","alternateName":"Campos","url":"https:\/\/camposcorporacion.com\/","logo":{"@type":"ImageObject","inLanguage":"en-US","@id":"https:\/\/camposcorporacion.com\/#\/schema\/logo\/image\/","url":"https:\/\/camposcorporacion.com\/wp-content\/uploads\/2026\/03\/campos-yoast.png","contentUrl":"https:\/\/camposcorporacion.com\/wp-content\/uploads\/2026\/03\/campos-yoast.png","width":696,"height":696,"caption":"Campos Corporaci\u00f3n"},"image":{"@id":"https:\/\/camposcorporacion.com\/#\/schema\/logo\/image\/"}},{"@type":"Person","@id":"https:\/\/camposcorporacion.com\/#\/schema\/person\/28c4749bffada975dd2d764fd4efd894","name":"Campos","image":{"@type":"ImageObject","inLanguage":"en-US","@id":"https:\/\/secure.gravatar.com\/avatar\/348e3148e60a9d417f4c7f711aaf87be299fbcf0e73ff7db0a825e5c3ff7d166?s=96&d=mm&r=g","url":"https:\/\/secure.gravatar.com\/avatar\/348e3148e60a9d417f4c7f711aaf87be299fbcf0e73ff7db0a825e5c3ff7d166?s=96&d=mm&r=g","contentUrl":"https:\/\/secure.gravatar.com\/avatar\/348e3148e60a9d417f4c7f711aaf87be299fbcf0e73ff7db0a825e5c3ff7d166?s=96&d=mm&r=g","caption":"Campos"}}]}},"_links":{"self":[{"href":"https:\/\/camposcorporacion.com\/en\/wp-json\/wp\/v2\/posts\/4878","targetHints":{"allow":["GET"]}}],"collection":[{"href":"https:\/\/camposcorporacion.com\/en\/wp-json\/wp\/v2\/posts"}],"about":[{"href":"https:\/\/camposcorporacion.com\/en\/wp-json\/wp\/v2\/types\/post"}],"author":[{"embeddable":true,"href":"https:\/\/camposcorporacion.com\/en\/wp-json\/wp\/v2\/users\/2"}],"replies":[{"embeddable":true,"href":"https:\/\/camposcorporacion.com\/en\/wp-json\/wp\/v2\/comments?post=4878"}],"version-history":[{"count":0,"href":"https:\/\/camposcorporacion.com\/en\/wp-json\/wp\/v2\/posts\/4878\/revisions"}],"wp:featuredmedia":[{"embeddable":true,"href":"https:\/\/camposcorporacion.com\/en\/wp-json\/wp\/v2\/media\/5115"}],"wp:attachment":[{"href":"https:\/\/camposcorporacion.com\/en\/wp-json\/wp\/v2\/media?parent=4878"}],"wp:term":[{"taxonomy":"category","embeddable":true,"href":"https:\/\/camposcorporacion.com\/en\/wp-json\/wp\/v2\/categories?post=4878"},{"taxonomy":"post_tag","embeddable":true,"href":"https:\/\/camposcorporacion.com\/en\/wp-json\/wp\/v2\/tags?post=4878"}],"curies":[{"name":"wp","href":"https:\/\/api.w.org\/{rel}","templated":true}]}}