{"id":4873,"date":"2022-01-25T05:23:05","date_gmt":"2022-01-25T05:23:05","guid":{"rendered":"http:\/\/camposcorporacion.com\/campos-corporacion-cierra-2021-con-una-facturacion-de-47-millones-de-euros\/"},"modified":"2024-04-16T09:00:15","modified_gmt":"2024-04-16T09:00:15","slug":"campos-corporacion-cierra-2021-con-una-facturacion-de-47-millones-de-euros","status":"publish","type":"post","link":"https:\/\/camposcorporacion.com\/en\/campos-corporacion-cierra-2021-con-una-facturacion-de-47-millones-de-euros\/","title":{"rendered":"Campos Corporaci\u00f3n cierra 2021 con una facturaci\u00f3n de 47 millones de euros"},"content":{"rendered":"<p><span style=\"font-weight: 400;\"><a href=\"http:\/\/www.camposcorporacion.com\" target=\"_blank\" rel=\"noopener\">Campos Corporaci\u00f3n<\/a> ha cerrado 2021 con una facturaci\u00f3n de <\/span><b>47 millones de euros<\/b><span style=\"font-weight: 400;\">, lo que supone un <\/span><b>incremento del 18%<\/b><span style=\"font-weight: 400;\"> con respecto al a\u00f1o anterior. El grupo empresarial ha cumplido los objetivos marcados para el pasado a\u00f1o, continuando con su estrategia de crecimiento sostenible.<\/span><\/p>\n<p><span style=\"font-weight: 400;\">Gracias a la suma de esfuerzos de las diferentes empresas que forman el grupo, Campos Corporaci\u00f3n contin\u00faa creciendo y <\/span><b>se sit\u00faa entre las 20 empresas de mayor facturaci\u00f3n<\/b><span style=\"font-weight: 400;\"> de la provincia de Albacete.\u00a0<\/span><\/p>\n<p><span style=\"font-weight: 400;\">La compa\u00f1\u00eda desarrolla su actividad en los sectores de las <\/span><b>telecomunicaciones, construcci\u00f3n, climatizaci\u00f3n y energ\u00eda<\/b><span style=\"font-weight: 400;\">. Con este resultado, se consolida como grupo empresarial con un<\/span><b> modelo de negocio<\/b><span style=\"font-weight: 400;\"> centrado en el <\/span><b>cliente<\/b><span style=\"font-weight: 400;\"> y basado en la <\/span><b>confianza, la innovaci\u00f3n y el impacto positivo<\/b><span style=\"font-weight: 400;\"> de su actividad.<\/span><\/p>\n<p><b><img loading=\"lazy\" decoding=\"async\" class=\"aligncenter wp-image-8816 size-full\" src=\"http:\/\/camposcorporacion.com\/wp-content\/uploads\/2022\/01\/CIFRA-DE-NEGOCIO-CONSOLIDADA.png\" sizes=\"auto, (max-width: 609px) 100vw, 609px\" alt=\"campos-corporacion-facturacion\" width=\"609\" height=\"371\" \/><\/b><\/p>\n<h3><b>ACTIVIDAD NACIONAL E INTERNACIONAL<\/b><\/h3>\n<p><span style=\"font-weight: 400;\">La compa\u00f1\u00eda, con sede central en Ossa de Montiel (Albacete) opera en todo el <\/span><b>territorio nacional<\/b><span style=\"font-weight: 400;\">, contando con <\/span><b>9 delegaciones<\/b><span style=\"font-weight: 400;\"> en pen\u00ednsula e islas. A su vez, desde 2018 dispone de una <\/span><b>sucursal en Per\u00fa<\/b><span style=\"font-weight: 400;\">, que contin\u00faa desarrollando numerosos proyectos p\u00fablicos y privados en el pa\u00eds.\u00a0<\/span><\/p>\n<p><span style=\"font-weight: 400;\">Por otro lado, Campos Corporaci\u00f3n cuenta con una <\/span><b>larga trayectoria internacional<\/b><span style=\"font-weight: 400;\">, con la <\/span><b>exportaci\u00f3n<\/b><span style=\"font-weight: 400;\"> de sus m\u00e1quinas de climatizaci\u00f3n <\/span><b>Borealis<\/b><span style=\"font-weight: 400;\"> a pa\u00edses como Chile, Cuba, Polonia o Qatar. Destaca tambi\u00e9n su reciente llegada a <\/span><b>Pa\u00edses Bajos<\/b><span style=\"font-weight: 400;\">, donde continuar\u00e1 ejecutando la construcci\u00f3n de diferentes<\/span><b> proyectos en retail<\/b><span style=\"font-weight: 400;\">.<\/span><\/p>\n<h3><b>NUEVOS RETOS PARA 2022<\/b><\/h3>\n<p><span style=\"font-weight: 400;\">La compa\u00f1\u00eda afronta 2022 como un <\/span><b>a\u00f1o de grandes retos<\/b><span style=\"font-weight: 400;\">: \u201cEstamos ante un futuro apasionante, en el que queremos crecer, superarnos y seguir estando al lado de nuestros clientes. Todo ello, gracias a un <\/span><b>equipo humano<\/b><span style=\"font-weight: 400;\"> que lo da todo d\u00eda a d\u00eda, y muy comprometido con los valores y objetivos de Campos\u201d, explica Alfonso Granados, director de Campos Corporaci\u00f3n.<\/span><\/p>\n<p><span style=\"font-weight: 400;\">A lo largo de 2022 Campos Corporaci\u00f3n espera seguir siendo el <\/span><b>partner de confianza de sus clientes<\/b><span style=\"font-weight: 400;\">, desarrollando proyectos de alta calidad que resuelvan sus necesidades y con un alto nivel de eficiencia e innovaci\u00f3n.<\/span><\/p>\n","protected":false},"excerpt":{"rendered":"<p>Campos Corporaci\u00f3n ha cerrado 2021 con una facturaci\u00f3n de 47 millones de euros, lo que supone un incremento del 18% [&hellip;]<\/p>\n","protected":false},"author":2,"featured_media":5083,"comment_status":"closed","ping_status":"open","sticky":false,"template":"","format":"standard","meta":{"footnotes":""},"categories":[85],"tags":[],"class_list":["post-4873","post","type-post","status-publish","format-standard","has-post-thumbnail","hentry","category-noticias-corporativas"],"yoast_head":"<!-- This site is optimized with the Yoast SEO plugin v27.3 - https:\/\/yoast.com\/product\/yoast-seo-wordpress\/ -->\n<title>Campos Corporaci\u00f3n cierra 2021 con una facturaci\u00f3n de 47 millones de euros - Campos<\/title>\n<meta name=\"robots\" content=\"index, follow, max-snippet:-1, max-image-preview:large, max-video-preview:-1\" \/>\n<link rel=\"canonical\" href=\"https:\/\/camposcorporacion.com\/campos-corporacion-cierra-2021-con-una-facturacion-de-47-millones-de-euros\/\" \/>\n<meta property=\"og:locale\" content=\"en_US\" \/>\n<meta property=\"og:type\" content=\"article\" \/>\n<meta property=\"og:title\" content=\"Campos Corporaci\u00f3n cierra 2021 con una facturaci\u00f3n de 47 millones de euros - Campos\" \/>\n<meta property=\"og:description\" content=\"Campos Corporaci\u00f3n ha cerrado 2021 con una facturaci\u00f3n de 47 millones de euros, lo que supone un incremento del 18% [&hellip;]\" \/>\n<meta property=\"og:url\" content=\"https:\/\/camposcorporacion.com\/campos-corporacion-cierra-2021-con-una-facturacion-de-47-millones-de-euros\/\" \/>\n<meta property=\"og:site_name\" content=\"Campos\" \/>\n<meta property=\"article:published_time\" content=\"2022-01-25T05:23:05+00:00\" \/>\n<meta property=\"article:modified_time\" content=\"2024-04-16T09:00:15+00:00\" \/>\n<meta property=\"og:image\" content=\"https:\/\/camposcorporacion.com\/wp-content\/uploads\/2022\/01\/campos-corporacion-cierra-2021-con-una-facturacion-de-47-millones-de-euros.jpg\" \/>\n\t<meta property=\"og:image:width\" content=\"1004\" \/>\n\t<meta property=\"og:image:height\" content=\"536\" \/>\n\t<meta property=\"og:image:type\" content=\"image\/jpeg\" \/>\n<meta name=\"author\" content=\"Campos\" \/>\n<meta name=\"twitter:card\" content=\"summary_large_image\" \/>\n<meta name=\"twitter:label1\" content=\"Written by\" \/>\n\t<meta name=\"twitter:data1\" content=\"Campos\" \/>\n\t<meta name=\"twitter:label2\" content=\"Est. reading time\" \/>\n\t<meta name=\"twitter:data2\" content=\"2 minutes\" \/>\n<script type=\"application\/ld+json\" class=\"yoast-schema-graph\">{\"@context\":\"https:\\\/\\\/schema.org\",\"@graph\":[{\"@type\":\"Article\",\"@id\":\"https:\\\/\\\/camposcorporacion.com\\\/campos-corporacion-cierra-2021-con-una-facturacion-de-47-millones-de-euros\\\/#article\",\"isPartOf\":{\"@id\":\"https:\\\/\\\/camposcorporacion.com\\\/campos-corporacion-cierra-2021-con-una-facturacion-de-47-millones-de-euros\\\/\"},\"author\":{\"name\":\"Campos\",\"@id\":\"https:\\\/\\\/camposcorporacion.com\\\/#\\\/schema\\\/person\\\/28c4749bffada975dd2d764fd4efd894\"},\"headline\":\"Campos Corporaci\u00f3n cierra 2021 con una facturaci\u00f3n de 47 millones de euros\",\"datePublished\":\"2022-01-25T05:23:05+00:00\",\"dateModified\":\"2024-04-16T09:00:15+00:00\",\"mainEntityOfPage\":{\"@id\":\"https:\\\/\\\/camposcorporacion.com\\\/campos-corporacion-cierra-2021-con-una-facturacion-de-47-millones-de-euros\\\/\"},\"wordCount\":354,\"publisher\":{\"@id\":\"https:\\\/\\\/camposcorporacion.com\\\/#organization\"},\"image\":{\"@id\":\"https:\\\/\\\/camposcorporacion.com\\\/campos-corporacion-cierra-2021-con-una-facturacion-de-47-millones-de-euros\\\/#primaryimage\"},\"thumbnailUrl\":\"https:\\\/\\\/camposcorporacion.com\\\/wp-content\\\/uploads\\\/2022\\\/01\\\/campos-corporacion-cierra-2021-con-una-facturacion-de-47-millones-de-euros.jpg\",\"articleSection\":[\"Noticias corporativas\"],\"inLanguage\":\"en-US\"},{\"@type\":\"WebPage\",\"@id\":\"https:\\\/\\\/camposcorporacion.com\\\/campos-corporacion-cierra-2021-con-una-facturacion-de-47-millones-de-euros\\\/\",\"url\":\"https:\\\/\\\/camposcorporacion.com\\\/campos-corporacion-cierra-2021-con-una-facturacion-de-47-millones-de-euros\\\/\",\"name\":\"Campos Corporaci\u00f3n cierra 2021 con una facturaci\u00f3n de 47 millones de euros - Campos\",\"isPartOf\":{\"@id\":\"https:\\\/\\\/camposcorporacion.com\\\/#website\"},\"primaryImageOfPage\":{\"@id\":\"https:\\\/\\\/camposcorporacion.com\\\/campos-corporacion-cierra-2021-con-una-facturacion-de-47-millones-de-euros\\\/#primaryimage\"},\"image\":{\"@id\":\"https:\\\/\\\/camposcorporacion.com\\\/campos-corporacion-cierra-2021-con-una-facturacion-de-47-millones-de-euros\\\/#primaryimage\"},\"thumbnailUrl\":\"https:\\\/\\\/camposcorporacion.com\\\/wp-content\\\/uploads\\\/2022\\\/01\\\/campos-corporacion-cierra-2021-con-una-facturacion-de-47-millones-de-euros.jpg\",\"datePublished\":\"2022-01-25T05:23:05+00:00\",\"dateModified\":\"2024-04-16T09:00:15+00:00\",\"inLanguage\":\"en-US\",\"potentialAction\":[{\"@type\":\"ReadAction\",\"target\":[\"https:\\\/\\\/camposcorporacion.com\\\/campos-corporacion-cierra-2021-con-una-facturacion-de-47-millones-de-euros\\\/\"]}]},{\"@type\":\"ImageObject\",\"inLanguage\":\"en-US\",\"@id\":\"https:\\\/\\\/camposcorporacion.com\\\/campos-corporacion-cierra-2021-con-una-facturacion-de-47-millones-de-euros\\\/#primaryimage\",\"url\":\"https:\\\/\\\/camposcorporacion.com\\\/wp-content\\\/uploads\\\/2022\\\/01\\\/campos-corporacion-cierra-2021-con-una-facturacion-de-47-millones-de-euros.jpg\",\"contentUrl\":\"https:\\\/\\\/camposcorporacion.com\\\/wp-content\\\/uploads\\\/2022\\\/01\\\/campos-corporacion-cierra-2021-con-una-facturacion-de-47-millones-de-euros.jpg\",\"width\":1004,\"height\":536},{\"@type\":\"WebSite\",\"@id\":\"https:\\\/\\\/camposcorporacion.com\\\/#website\",\"url\":\"https:\\\/\\\/camposcorporacion.com\\\/\",\"name\":\"Campos\",\"description\":\"\",\"publisher\":{\"@id\":\"https:\\\/\\\/camposcorporacion.com\\\/#organization\"},\"potentialAction\":[{\"@type\":\"SearchAction\",\"target\":{\"@type\":\"EntryPoint\",\"urlTemplate\":\"https:\\\/\\\/camposcorporacion.com\\\/?s={search_term_string}\"},\"query-input\":{\"@type\":\"PropertyValueSpecification\",\"valueRequired\":true,\"valueName\":\"search_term_string\"}}],\"inLanguage\":\"en-US\"},{\"@type\":\"Organization\",\"@id\":\"https:\\\/\\\/camposcorporacion.com\\\/#organization\",\"name\":\"Campos Corporaci\u00f3n\",\"alternateName\":\"Campos\",\"url\":\"https:\\\/\\\/camposcorporacion.com\\\/\",\"logo\":{\"@type\":\"ImageObject\",\"inLanguage\":\"en-US\",\"@id\":\"https:\\\/\\\/camposcorporacion.com\\\/#\\\/schema\\\/logo\\\/image\\\/\",\"url\":\"https:\\\/\\\/camposcorporacion.com\\\/wp-content\\\/uploads\\\/2026\\\/03\\\/campos-yoast.png\",\"contentUrl\":\"https:\\\/\\\/camposcorporacion.com\\\/wp-content\\\/uploads\\\/2026\\\/03\\\/campos-yoast.png\",\"width\":696,\"height\":696,\"caption\":\"Campos Corporaci\u00f3n\"},\"image\":{\"@id\":\"https:\\\/\\\/camposcorporacion.com\\\/#\\\/schema\\\/logo\\\/image\\\/\"}},{\"@type\":\"Person\",\"@id\":\"https:\\\/\\\/camposcorporacion.com\\\/#\\\/schema\\\/person\\\/28c4749bffada975dd2d764fd4efd894\",\"name\":\"Campos\",\"image\":{\"@type\":\"ImageObject\",\"inLanguage\":\"en-US\",\"@id\":\"https:\\\/\\\/secure.gravatar.com\\\/avatar\\\/348e3148e60a9d417f4c7f711aaf87be299fbcf0e73ff7db0a825e5c3ff7d166?s=96&d=mm&r=g\",\"url\":\"https:\\\/\\\/secure.gravatar.com\\\/avatar\\\/348e3148e60a9d417f4c7f711aaf87be299fbcf0e73ff7db0a825e5c3ff7d166?s=96&d=mm&r=g\",\"contentUrl\":\"https:\\\/\\\/secure.gravatar.com\\\/avatar\\\/348e3148e60a9d417f4c7f711aaf87be299fbcf0e73ff7db0a825e5c3ff7d166?s=96&d=mm&r=g\",\"caption\":\"Campos\"}}]}<\/script>\n<!-- \/ Yoast SEO plugin. -->","yoast_head_json":{"title":"Campos Corporaci\u00f3n cierra 2021 con una facturaci\u00f3n de 47 millones de euros - Campos","robots":{"index":"index","follow":"follow","max-snippet":"max-snippet:-1","max-image-preview":"max-image-preview:large","max-video-preview":"max-video-preview:-1"},"canonical":"https:\/\/camposcorporacion.com\/campos-corporacion-cierra-2021-con-una-facturacion-de-47-millones-de-euros\/","og_locale":"en_US","og_type":"article","og_title":"Campos Corporaci\u00f3n cierra 2021 con una facturaci\u00f3n de 47 millones de euros - Campos","og_description":"Campos Corporaci\u00f3n ha cerrado 2021 con una facturaci\u00f3n de 47 millones de euros, lo que supone un incremento del 18% [&hellip;]","og_url":"https:\/\/camposcorporacion.com\/campos-corporacion-cierra-2021-con-una-facturacion-de-47-millones-de-euros\/","og_site_name":"Campos","article_published_time":"2022-01-25T05:23:05+00:00","article_modified_time":"2024-04-16T09:00:15+00:00","og_image":[{"width":1004,"height":536,"url":"https:\/\/camposcorporacion.com\/wp-content\/uploads\/2022\/01\/campos-corporacion-cierra-2021-con-una-facturacion-de-47-millones-de-euros.jpg","type":"image\/jpeg"}],"author":"Campos","twitter_card":"summary_large_image","twitter_misc":{"Written by":"Campos","Est. reading time":"2 minutes"},"schema":{"@context":"https:\/\/schema.org","@graph":[{"@type":"Article","@id":"https:\/\/camposcorporacion.com\/campos-corporacion-cierra-2021-con-una-facturacion-de-47-millones-de-euros\/#article","isPartOf":{"@id":"https:\/\/camposcorporacion.com\/campos-corporacion-cierra-2021-con-una-facturacion-de-47-millones-de-euros\/"},"author":{"name":"Campos","@id":"https:\/\/camposcorporacion.com\/#\/schema\/person\/28c4749bffada975dd2d764fd4efd894"},"headline":"Campos Corporaci\u00f3n cierra 2021 con una facturaci\u00f3n de 47 millones de euros","datePublished":"2022-01-25T05:23:05+00:00","dateModified":"2024-04-16T09:00:15+00:00","mainEntityOfPage":{"@id":"https:\/\/camposcorporacion.com\/campos-corporacion-cierra-2021-con-una-facturacion-de-47-millones-de-euros\/"},"wordCount":354,"publisher":{"@id":"https:\/\/camposcorporacion.com\/#organization"},"image":{"@id":"https:\/\/camposcorporacion.com\/campos-corporacion-cierra-2021-con-una-facturacion-de-47-millones-de-euros\/#primaryimage"},"thumbnailUrl":"https:\/\/camposcorporacion.com\/wp-content\/uploads\/2022\/01\/campos-corporacion-cierra-2021-con-una-facturacion-de-47-millones-de-euros.jpg","articleSection":["Noticias corporativas"],"inLanguage":"en-US"},{"@type":"WebPage","@id":"https:\/\/camposcorporacion.com\/campos-corporacion-cierra-2021-con-una-facturacion-de-47-millones-de-euros\/","url":"https:\/\/camposcorporacion.com\/campos-corporacion-cierra-2021-con-una-facturacion-de-47-millones-de-euros\/","name":"Campos Corporaci\u00f3n cierra 2021 con una facturaci\u00f3n de 47 millones de euros - Campos","isPartOf":{"@id":"https:\/\/camposcorporacion.com\/#website"},"primaryImageOfPage":{"@id":"https:\/\/camposcorporacion.com\/campos-corporacion-cierra-2021-con-una-facturacion-de-47-millones-de-euros\/#primaryimage"},"image":{"@id":"https:\/\/camposcorporacion.com\/campos-corporacion-cierra-2021-con-una-facturacion-de-47-millones-de-euros\/#primaryimage"},"thumbnailUrl":"https:\/\/camposcorporacion.com\/wp-content\/uploads\/2022\/01\/campos-corporacion-cierra-2021-con-una-facturacion-de-47-millones-de-euros.jpg","datePublished":"2022-01-25T05:23:05+00:00","dateModified":"2024-04-16T09:00:15+00:00","inLanguage":"en-US","potentialAction":[{"@type":"ReadAction","target":["https:\/\/camposcorporacion.com\/campos-corporacion-cierra-2021-con-una-facturacion-de-47-millones-de-euros\/"]}]},{"@type":"ImageObject","inLanguage":"en-US","@id":"https:\/\/camposcorporacion.com\/campos-corporacion-cierra-2021-con-una-facturacion-de-47-millones-de-euros\/#primaryimage","url":"https:\/\/camposcorporacion.com\/wp-content\/uploads\/2022\/01\/campos-corporacion-cierra-2021-con-una-facturacion-de-47-millones-de-euros.jpg","contentUrl":"https:\/\/camposcorporacion.com\/wp-content\/uploads\/2022\/01\/campos-corporacion-cierra-2021-con-una-facturacion-de-47-millones-de-euros.jpg","width":1004,"height":536},{"@type":"WebSite","@id":"https:\/\/camposcorporacion.com\/#website","url":"https:\/\/camposcorporacion.com\/","name":"Campos","description":"","publisher":{"@id":"https:\/\/camposcorporacion.com\/#organization"},"potentialAction":[{"@type":"SearchAction","target":{"@type":"EntryPoint","urlTemplate":"https:\/\/camposcorporacion.com\/?s={search_term_string}"},"query-input":{"@type":"PropertyValueSpecification","valueRequired":true,"valueName":"search_term_string"}}],"inLanguage":"en-US"},{"@type":"Organization","@id":"https:\/\/camposcorporacion.com\/#organization","name":"Campos Corporaci\u00f3n","alternateName":"Campos","url":"https:\/\/camposcorporacion.com\/","logo":{"@type":"ImageObject","inLanguage":"en-US","@id":"https:\/\/camposcorporacion.com\/#\/schema\/logo\/image\/","url":"https:\/\/camposcorporacion.com\/wp-content\/uploads\/2026\/03\/campos-yoast.png","contentUrl":"https:\/\/camposcorporacion.com\/wp-content\/uploads\/2026\/03\/campos-yoast.png","width":696,"height":696,"caption":"Campos Corporaci\u00f3n"},"image":{"@id":"https:\/\/camposcorporacion.com\/#\/schema\/logo\/image\/"}},{"@type":"Person","@id":"https:\/\/camposcorporacion.com\/#\/schema\/person\/28c4749bffada975dd2d764fd4efd894","name":"Campos","image":{"@type":"ImageObject","inLanguage":"en-US","@id":"https:\/\/secure.gravatar.com\/avatar\/348e3148e60a9d417f4c7f711aaf87be299fbcf0e73ff7db0a825e5c3ff7d166?s=96&d=mm&r=g","url":"https:\/\/secure.gravatar.com\/avatar\/348e3148e60a9d417f4c7f711aaf87be299fbcf0e73ff7db0a825e5c3ff7d166?s=96&d=mm&r=g","contentUrl":"https:\/\/secure.gravatar.com\/avatar\/348e3148e60a9d417f4c7f711aaf87be299fbcf0e73ff7db0a825e5c3ff7d166?s=96&d=mm&r=g","caption":"Campos"}}]}},"_links":{"self":[{"href":"https:\/\/camposcorporacion.com\/en\/wp-json\/wp\/v2\/posts\/4873","targetHints":{"allow":["GET"]}}],"collection":[{"href":"https:\/\/camposcorporacion.com\/en\/wp-json\/wp\/v2\/posts"}],"about":[{"href":"https:\/\/camposcorporacion.com\/en\/wp-json\/wp\/v2\/types\/post"}],"author":[{"embeddable":true,"href":"https:\/\/camposcorporacion.com\/en\/wp-json\/wp\/v2\/users\/2"}],"replies":[{"embeddable":true,"href":"https:\/\/camposcorporacion.com\/en\/wp-json\/wp\/v2\/comments?post=4873"}],"version-history":[{"count":0,"href":"https:\/\/camposcorporacion.com\/en\/wp-json\/wp\/v2\/posts\/4873\/revisions"}],"wp:featuredmedia":[{"embeddable":true,"href":"https:\/\/camposcorporacion.com\/en\/wp-json\/wp\/v2\/media\/5083"}],"wp:attachment":[{"href":"https:\/\/camposcorporacion.com\/en\/wp-json\/wp\/v2\/media?parent=4873"}],"wp:term":[{"taxonomy":"category","embeddable":true,"href":"https:\/\/camposcorporacion.com\/en\/wp-json\/wp\/v2\/categories?post=4873"},{"taxonomy":"post_tag","embeddable":true,"href":"https:\/\/camposcorporacion.com\/en\/wp-json\/wp\/v2\/tags?post=4873"}],"curies":[{"name":"wp","href":"https:\/\/api.w.org\/{rel}","templated":true}]}}