{"id":22196,"date":"2026-04-23T10:29:32","date_gmt":"2026-04-23T08:29:32","guid":{"rendered":"https:\/\/camposcorporacion.com\/?p=22196"},"modified":"2026-04-23T10:29:35","modified_gmt":"2026-04-23T08:29:35","slug":"campos-carrera-inclusiva-amiab-albacete","status":"publish","type":"post","link":"https:\/\/camposcorporacion.com\/en\/campos-carrera-inclusiva-amiab-albacete\/","title":{"rendered":"Campos colabora en la VI Carrera Inclusiva de amiab en Albacete, que bate r\u00e9cord de participaci\u00f3n"},"content":{"rendered":"\n<p>El pasado domingo <strong>19 de abril<\/strong>, Albacete acogi\u00f3 la <strong>VI Carrera Inclusiva organizada por amiab<\/strong>, dentro de su iniciativa Movimiento por la Inclusi\u00f3n.\u00a0<\/p>\n\n\n\n<p>La edici\u00f3n de este a\u00f1o ha marcado un hito hist\u00f3rico, reuniendo a cerca de 500 corredores y m\u00e1s de 700 personas en su jornada de convivencia, consolid\u00e1ndose como una de las citas m\u00e1s relevantes del calendario deportivo y social de la ciudad.<\/p>\n\n\n\n<div style=\"height:45px\" aria-hidden=\"true\" class=\"wp-block-spacer\"><\/div>\n\n\n\n<figure class=\"wp-block-image size-large\"><img loading=\"lazy\" decoding=\"async\" width=\"2560\" height=\"1706\" sizes=\"auto, (max-width: 1024px) 100vw, 1024px\" src=\"https:\/\/camposcorporacion.com\/wp-content\/uploads\/2026\/04\/2-1024x682.jpg\" alt=\"\" class=\"wp-image-22197\" style=\"aspect-ratio:16\/9;object-fit:cover\" srcset=\"https:\/\/camposcorporacion.com\/wp-content\/uploads\/2026\/04\/2-1024x682.jpg 1024w, https:\/\/camposcorporacion.com\/wp-content\/uploads\/2026\/04\/2-300x200.jpg 300w, https:\/\/camposcorporacion.com\/wp-content\/uploads\/2026\/04\/2-768x512.jpg 768w, https:\/\/camposcorporacion.com\/wp-content\/uploads\/2026\/04\/2-1536x1024.jpg 1536w, https:\/\/camposcorporacion.com\/wp-content\/uploads\/2026\/04\/2-2048x1365.jpg 2048w, https:\/\/camposcorporacion.com\/wp-content\/uploads\/2026\/04\/2-500x333.jpg 500w\" \/><figcaption class=\"wp-element-caption\">VI Carrera de amiab en Albacete por la Inclusi\u00f3n \u2018Memorial Encarnaci\u00f3n Rodr\u00edguez C\u00e1ceres\u2019.<\/figcaption><\/figure>\n\n\n\n<div style=\"height:45px\" aria-hidden=\"true\" class=\"wp-block-spacer\"><\/div>\n\n\n\n<figure class=\"wp-block-image size-large\"><img loading=\"lazy\" decoding=\"async\" width=\"2048\" height=\"1365\" sizes=\"auto, (max-width: 1024px) 100vw, 1024px\" src=\"https:\/\/camposcorporacion.com\/wp-content\/uploads\/2026\/04\/3-1024x683.jpg\" alt=\"\" class=\"wp-image-22199\" style=\"aspect-ratio:16\/9;object-fit:cover\" srcset=\"https:\/\/camposcorporacion.com\/wp-content\/uploads\/2026\/04\/3-1024x683.jpg 1024w, https:\/\/camposcorporacion.com\/wp-content\/uploads\/2026\/04\/3-300x200.jpg 300w, https:\/\/camposcorporacion.com\/wp-content\/uploads\/2026\/04\/3-768x512.jpg 768w, https:\/\/camposcorporacion.com\/wp-content\/uploads\/2026\/04\/3-1536x1024.jpg 1536w, https:\/\/camposcorporacion.com\/wp-content\/uploads\/2026\/04\/3-500x333.jpg 500w, https:\/\/camposcorporacion.com\/wp-content\/uploads\/2026\/04\/3.jpg 2048w\" \/><figcaption class=\"wp-element-caption\">Salida de la carrera inclusiva de amiab en Albacete, con una destacada participaci\u00f3n en esta edici\u00f3n.<\/figcaption><\/figure>\n\n\n\n<div style=\"height:45px\" aria-hidden=\"true\" class=\"wp-block-spacer\"><\/div>\n\n\n\n<figure class=\"wp-block-image size-large\"><img loading=\"lazy\" decoding=\"async\" width=\"1024\" height=\"756\" sizes=\"auto, (max-width: 1024px) 100vw, 1024px\" src=\"https:\/\/camposcorporacion.com\/wp-content\/uploads\/2026\/04\/4-1024x756.jpg\" alt=\"\" class=\"wp-image-22201\" style=\"aspect-ratio:16\/9;object-fit:cover\" srcset=\"https:\/\/camposcorporacion.com\/wp-content\/uploads\/2026\/04\/4-1024x756.jpg 1024w, https:\/\/camposcorporacion.com\/wp-content\/uploads\/2026\/04\/4-300x221.jpg 300w, https:\/\/camposcorporacion.com\/wp-content\/uploads\/2026\/04\/4-768x567.jpg 768w, https:\/\/camposcorporacion.com\/wp-content\/uploads\/2026\/04\/4-1536x1134.jpg 1536w, https:\/\/camposcorporacion.com\/wp-content\/uploads\/2026\/04\/4-500x369.jpg 500w, https:\/\/camposcorporacion.com\/wp-content\/uploads\/2026\/04\/4.jpg 1849w\" \/><figcaption class=\"wp-element-caption\">VI Carrera de amiab en Albacete por la Inclusi\u00f3n \u2018Memorial Encarnaci\u00f3n Rodr\u00edguez C\u00e1ceres\u2019.<\/figcaption><\/figure>\n\n\n\n<div style=\"height:45px\" aria-hidden=\"true\" class=\"wp-block-spacer\"><\/div>\n\n\n\n<h3 class=\"wp-block-heading\"><strong><strong><strong>Deporte e inclusi\u00f3n en una jornada de convivencia en Albacete<\/strong><\/strong><\/strong><\/h3>\n\n\n\n<p>El evento tuvo lugar en el entorno del Recinto Ferial de Albacete, donde la carrera popular se combin\u00f3 con actividades l\u00fadicas, propuestas familiares, m\u00fasica, gastronom\u00eda y diferentes acciones de convivencia, generando un ambiente participativo y festivo.<\/p>\n\n\n\n<p>M\u00e1s all\u00e1 del \u00e1mbito deportivo, la jornada volvi\u00f3 a poner en valor la importancia de la inclusi\u00f3n social y la visibilizaci\u00f3n de la diversidad como pilares fundamentales de la sociedad.<\/p>\n\n\n\n<div style=\"height:45px\" aria-hidden=\"true\" class=\"wp-block-spacer\"><\/div>\n\n\n\n<figure class=\"wp-block-image size-large\"><img loading=\"lazy\" decoding=\"async\" width=\"1024\" height=\"683\" sizes=\"auto, (max-width: 1024px) 100vw, 1024px\" src=\"https:\/\/camposcorporacion.com\/wp-content\/uploads\/2026\/04\/5-1024x683.jpg\" alt=\"\" class=\"wp-image-22203\" style=\"aspect-ratio:16\/9;object-fit:cover\" srcset=\"https:\/\/camposcorporacion.com\/wp-content\/uploads\/2026\/04\/5-1024x683.jpg 1024w, https:\/\/camposcorporacion.com\/wp-content\/uploads\/2026\/04\/5-300x200.jpg 300w, https:\/\/camposcorporacion.com\/wp-content\/uploads\/2026\/04\/5-768x512.jpg 768w, https:\/\/camposcorporacion.com\/wp-content\/uploads\/2026\/04\/5-1536x1024.jpg 1536w, https:\/\/camposcorporacion.com\/wp-content\/uploads\/2026\/04\/5-500x333.jpg 500w, https:\/\/camposcorporacion.com\/wp-content\/uploads\/2026\/04\/5.jpg 2048w\" \/><figcaption class=\"wp-element-caption\">VI Carrera de amiab en Albacete por la Inclusi\u00f3n \u2018Memorial Encarnaci\u00f3n Rodr\u00edguez C\u00e1ceres\u2019.<\/figcaption><\/figure>\n\n\n\n<div style=\"height:45px\" aria-hidden=\"true\" class=\"wp-block-spacer\"><\/div>\n\n\n\n<figure class=\"wp-block-image size-large\"><img loading=\"lazy\" decoding=\"async\" width=\"1024\" height=\"683\" sizes=\"auto, (max-width: 1024px) 100vw, 1024px\" src=\"https:\/\/camposcorporacion.com\/wp-content\/uploads\/2026\/04\/6-1024x683.jpg\" alt=\"\" class=\"wp-image-22205\" style=\"aspect-ratio:16\/9;object-fit:cover\" srcset=\"https:\/\/camposcorporacion.com\/wp-content\/uploads\/2026\/04\/6-1024x683.jpg 1024w, https:\/\/camposcorporacion.com\/wp-content\/uploads\/2026\/04\/6-300x200.jpg 300w, https:\/\/camposcorporacion.com\/wp-content\/uploads\/2026\/04\/6-768x512.jpg 768w, https:\/\/camposcorporacion.com\/wp-content\/uploads\/2026\/04\/6-1536x1024.jpg 1536w, https:\/\/camposcorporacion.com\/wp-content\/uploads\/2026\/04\/6-500x333.jpg 500w, https:\/\/camposcorporacion.com\/wp-content\/uploads\/2026\/04\/6.jpg 2048w\" \/><figcaption class=\"wp-element-caption\">Participantes durante el recorrido de la carrera inclusiva de amiab en Albacete, en una jornada de deporte y convivencia.<\/figcaption><\/figure>\n\n\n\n<div style=\"height:45px\" aria-hidden=\"true\" class=\"wp-block-spacer\"><\/div>\n\n\n\n<figure class=\"wp-block-image size-large\"><img loading=\"lazy\" decoding=\"async\" width=\"1024\" height=\"682\" sizes=\"auto, (max-width: 1024px) 100vw, 1024px\" src=\"https:\/\/camposcorporacion.com\/wp-content\/uploads\/2026\/04\/7-1024x682.jpg\" alt=\"\" class=\"wp-image-22207\" style=\"aspect-ratio:16\/9;object-fit:cover\" srcset=\"https:\/\/camposcorporacion.com\/wp-content\/uploads\/2026\/04\/7-1024x682.jpg 1024w, https:\/\/camposcorporacion.com\/wp-content\/uploads\/2026\/04\/7-300x200.jpg 300w, https:\/\/camposcorporacion.com\/wp-content\/uploads\/2026\/04\/7-768x512.jpg 768w, https:\/\/camposcorporacion.com\/wp-content\/uploads\/2026\/04\/7-1536x1024.jpg 1536w, https:\/\/camposcorporacion.com\/wp-content\/uploads\/2026\/04\/7-2048x1365.jpg 2048w, https:\/\/camposcorporacion.com\/wp-content\/uploads\/2026\/04\/7-500x333.jpg 500w\" \/><figcaption class=\"wp-element-caption\">VI Carrera de amiab en Albacete por la Inclusi\u00f3n \u2018Memorial Encarnaci\u00f3n Rodr\u00edguez C\u00e1ceres\u2019.<\/figcaption><\/figure>\n\n\n\n<div style=\"height:45px\" aria-hidden=\"true\" class=\"wp-block-spacer\"><\/div>\n\n\n\n<p><a href=\"https:\/\/amiab.com\/\">Amiab<\/a> es una entidad referente en econom\u00eda social, orientada a la plena inclusi\u00f3n de las personas con discapacidad y\/o en riesgo de exclusi\u00f3n social, priorizando el empleo y el deporte adaptado como herramientas de transformaci\u00f3n social.<\/p>\n\n\n\n<p>Desde Campos reafirmamos nuestro compromiso con el desarrollo social y la participaci\u00f3n en iniciativas inclusivas que contribuyen a construir entornos m\u00e1s accesibles, equitativos y sostenibles.<\/p>\n\n\n\n<p>\ud83d\udc49 Puedes leer la noticia completa publicada por amiab aqu\u00ed:<\/p>\n\n\n\n<ul class=\"wp-block-list\">\n<li><a href=\"https:\/\/www.amiab.com\/la-carrera-de-amiab-en-albacete-bate-record-cerca-de-500-corredores-y-mas-de-700-personas-en-su-jornada-de-convivencia\/#\">\u00a0\u201cLa carrera de amiab en Albacete bate r\u00e9cord: cerca de 500 corredores y m\u00e1s de 700 personas en su jornada de convivencia\u201d<\/a><\/li>\n<\/ul>\n\n\n\n<div style=\"height:45px\" aria-hidden=\"true\" class=\"wp-block-spacer\"><\/div>\n\n\n\n<h5 class=\"wp-block-heading has-text-align-center\" style=\"font-size:24px\"> <strong><mark style=\"background-color:rgba(0, 0, 0, 0);color:#00aa8f\" class=\"has-inline-color\">\u00a1Seguimos trabajando por una sociedad m\u00e1s inclusiva a trav\u00e9s del deporte!<\/mark><\/strong><\/h5>\n\n\n\n<div style=\"height:45px\" aria-hidden=\"true\" class=\"wp-block-spacer\"><\/div>\n\n\n\n<figure class=\"wp-block-image size-large\"><img loading=\"lazy\" decoding=\"async\" width=\"1024\" height=\"576\" sizes=\"auto, (max-width: 1024px) 100vw, 1024px\" src=\"https:\/\/camposcorporacion.com\/wp-content\/uploads\/2026\/04\/8-1024x576.png\" alt=\"\" class=\"wp-image-22209\" style=\"aspect-ratio:16\/9;object-fit:cover\" srcset=\"https:\/\/camposcorporacion.com\/wp-content\/uploads\/2026\/04\/8-1024x576.png 1024w, https:\/\/camposcorporacion.com\/wp-content\/uploads\/2026\/04\/8-300x169.png 300w, https:\/\/camposcorporacion.com\/wp-content\/uploads\/2026\/04\/8-768x432.png 768w, https:\/\/camposcorporacion.com\/wp-content\/uploads\/2026\/04\/8-1536x864.png 1536w, https:\/\/camposcorporacion.com\/wp-content\/uploads\/2026\/04\/8-500x281.png 500w, https:\/\/camposcorporacion.com\/wp-content\/uploads\/2026\/04\/8.png 1672w\" \/><figcaption class=\"wp-element-caption\">VI Carrera de amiab en Albacete por la Inclusi\u00f3n \u2018Memorial Encarnaci\u00f3n Rodr\u00edguez C\u00e1ceres\u2019.<\/figcaption><\/figure>\n\n\n\n<p><\/p>\n","protected":false},"excerpt":{"rendered":"<p>El pasado domingo 19 de abril, Albacete acogi\u00f3 la VI Carrera Inclusiva organizada por amiab, dentro de su iniciativa Movimiento [&hellip;]<\/p>\n","protected":false},"author":2,"featured_media":22213,"comment_status":"closed","ping_status":"closed","sticky":false,"template":"","format":"standard","meta":{"footnotes":""},"categories":[85],"tags":[],"class_list":["post-22196","post","type-post","status-publish","format-standard","has-post-thumbnail","hentry","category-noticias-corporativas"],"yoast_head":"<!-- This site is optimized with the Yoast SEO plugin v27.3 - https:\/\/yoast.com\/product\/yoast-seo-wordpress\/ -->\n<title>Campos colabora en la VI Carrera Inclusiva de amiab en Albacete, que bate r\u00e9cord de participaci\u00f3n - Campos<\/title>\n<meta name=\"robots\" content=\"index, follow, max-snippet:-1, max-image-preview:large, max-video-preview:-1\" \/>\n<link rel=\"canonical\" href=\"https:\/\/camposcorporacion.com\/campos-carrera-inclusiva-amiab-albacete\/\" \/>\n<meta property=\"og:locale\" content=\"en_US\" \/>\n<meta property=\"og:type\" content=\"article\" \/>\n<meta property=\"og:title\" content=\"Campos colabora en la VI Carrera Inclusiva de amiab en Albacete, que bate r\u00e9cord de participaci\u00f3n - Campos\" \/>\n<meta property=\"og:description\" content=\"El pasado domingo 19 de abril, Albacete acogi\u00f3 la VI Carrera Inclusiva organizada por amiab, dentro de su iniciativa Movimiento [&hellip;]\" \/>\n<meta property=\"og:url\" content=\"https:\/\/camposcorporacion.com\/campos-carrera-inclusiva-amiab-albacete\/\" \/>\n<meta property=\"og:site_name\" content=\"Campos\" \/>\n<meta property=\"article:published_time\" content=\"2026-04-23T08:29:32+00:00\" \/>\n<meta property=\"article:modified_time\" content=\"2026-04-23T08:29:35+00:00\" \/>\n<meta property=\"og:image\" content=\"https:\/\/camposcorporacion.com\/wp-content\/uploads\/2026\/04\/1-PORTADA-1.jpg\" \/>\n\t<meta property=\"og:image:width\" content=\"1920\" \/>\n\t<meta property=\"og:image:height\" content=\"1080\" \/>\n\t<meta property=\"og:image:type\" content=\"image\/jpeg\" \/>\n<meta name=\"author\" content=\"Campos\" \/>\n<meta name=\"twitter:card\" content=\"summary_large_image\" \/>\n<meta name=\"twitter:label1\" content=\"Written by\" \/>\n\t<meta name=\"twitter:data1\" content=\"Campos\" \/>\n\t<meta name=\"twitter:label2\" content=\"Est. reading time\" \/>\n\t<meta name=\"twitter:data2\" content=\"4 minutes\" \/>\n<script type=\"application\/ld+json\" class=\"yoast-schema-graph\">{\"@context\":\"https:\\\/\\\/schema.org\",\"@graph\":[{\"@type\":\"Article\",\"@id\":\"https:\\\/\\\/camposcorporacion.com\\\/campos-carrera-inclusiva-amiab-albacete\\\/#article\",\"isPartOf\":{\"@id\":\"https:\\\/\\\/camposcorporacion.com\\\/campos-carrera-inclusiva-amiab-albacete\\\/\"},\"author\":{\"name\":\"Campos\",\"@id\":\"https:\\\/\\\/camposcorporacion.com\\\/#\\\/schema\\\/person\\\/28c4749bffada975dd2d764fd4efd894\"},\"headline\":\"Campos colabora en la VI Carrera Inclusiva de amiab en Albacete, que bate r\u00e9cord de participaci\u00f3n\",\"datePublished\":\"2026-04-23T08:29:32+00:00\",\"dateModified\":\"2026-04-23T08:29:35+00:00\",\"mainEntityOfPage\":{\"@id\":\"https:\\\/\\\/camposcorporacion.com\\\/campos-carrera-inclusiva-amiab-albacete\\\/\"},\"wordCount\":404,\"publisher\":{\"@id\":\"https:\\\/\\\/camposcorporacion.com\\\/#organization\"},\"image\":{\"@id\":\"https:\\\/\\\/camposcorporacion.com\\\/campos-carrera-inclusiva-amiab-albacete\\\/#primaryimage\"},\"thumbnailUrl\":\"https:\\\/\\\/camposcorporacion.com\\\/wp-content\\\/uploads\\\/2026\\\/04\\\/1-PORTADA-1.jpg\",\"articleSection\":[\"Noticias corporativas\"],\"inLanguage\":\"en-US\"},{\"@type\":\"WebPage\",\"@id\":\"https:\\\/\\\/camposcorporacion.com\\\/campos-carrera-inclusiva-amiab-albacete\\\/\",\"url\":\"https:\\\/\\\/camposcorporacion.com\\\/campos-carrera-inclusiva-amiab-albacete\\\/\",\"name\":\"Campos colabora en la VI Carrera Inclusiva de amiab en Albacete, que bate r\u00e9cord de participaci\u00f3n - Campos\",\"isPartOf\":{\"@id\":\"https:\\\/\\\/camposcorporacion.com\\\/#website\"},\"primaryImageOfPage\":{\"@id\":\"https:\\\/\\\/camposcorporacion.com\\\/campos-carrera-inclusiva-amiab-albacete\\\/#primaryimage\"},\"image\":{\"@id\":\"https:\\\/\\\/camposcorporacion.com\\\/campos-carrera-inclusiva-amiab-albacete\\\/#primaryimage\"},\"thumbnailUrl\":\"https:\\\/\\\/camposcorporacion.com\\\/wp-content\\\/uploads\\\/2026\\\/04\\\/1-PORTADA-1.jpg\",\"datePublished\":\"2026-04-23T08:29:32+00:00\",\"dateModified\":\"2026-04-23T08:29:35+00:00\",\"inLanguage\":\"en-US\",\"potentialAction\":[{\"@type\":\"ReadAction\",\"target\":[\"https:\\\/\\\/camposcorporacion.com\\\/campos-carrera-inclusiva-amiab-albacete\\\/\"]}]},{\"@type\":\"ImageObject\",\"inLanguage\":\"en-US\",\"@id\":\"https:\\\/\\\/camposcorporacion.com\\\/campos-carrera-inclusiva-amiab-albacete\\\/#primaryimage\",\"url\":\"https:\\\/\\\/camposcorporacion.com\\\/wp-content\\\/uploads\\\/2026\\\/04\\\/1-PORTADA-1.jpg\",\"contentUrl\":\"https:\\\/\\\/camposcorporacion.com\\\/wp-content\\\/uploads\\\/2026\\\/04\\\/1-PORTADA-1.jpg\",\"width\":1920,\"height\":1080},{\"@type\":\"WebSite\",\"@id\":\"https:\\\/\\\/camposcorporacion.com\\\/#website\",\"url\":\"https:\\\/\\\/camposcorporacion.com\\\/\",\"name\":\"Campos\",\"description\":\"\",\"publisher\":{\"@id\":\"https:\\\/\\\/camposcorporacion.com\\\/#organization\"},\"potentialAction\":[{\"@type\":\"SearchAction\",\"target\":{\"@type\":\"EntryPoint\",\"urlTemplate\":\"https:\\\/\\\/camposcorporacion.com\\\/?s={search_term_string}\"},\"query-input\":{\"@type\":\"PropertyValueSpecification\",\"valueRequired\":true,\"valueName\":\"search_term_string\"}}],\"inLanguage\":\"en-US\"},{\"@type\":\"Organization\",\"@id\":\"https:\\\/\\\/camposcorporacion.com\\\/#organization\",\"name\":\"Campos Corporaci\u00f3n\",\"alternateName\":\"Campos\",\"url\":\"https:\\\/\\\/camposcorporacion.com\\\/\",\"logo\":{\"@type\":\"ImageObject\",\"inLanguage\":\"en-US\",\"@id\":\"https:\\\/\\\/camposcorporacion.com\\\/#\\\/schema\\\/logo\\\/image\\\/\",\"url\":\"https:\\\/\\\/camposcorporacion.com\\\/wp-content\\\/uploads\\\/2026\\\/03\\\/campos-yoast.png\",\"contentUrl\":\"https:\\\/\\\/camposcorporacion.com\\\/wp-content\\\/uploads\\\/2026\\\/03\\\/campos-yoast.png\",\"width\":696,\"height\":696,\"caption\":\"Campos Corporaci\u00f3n\"},\"image\":{\"@id\":\"https:\\\/\\\/camposcorporacion.com\\\/#\\\/schema\\\/logo\\\/image\\\/\"}},{\"@type\":\"Person\",\"@id\":\"https:\\\/\\\/camposcorporacion.com\\\/#\\\/schema\\\/person\\\/28c4749bffada975dd2d764fd4efd894\",\"name\":\"Campos\",\"image\":{\"@type\":\"ImageObject\",\"inLanguage\":\"en-US\",\"@id\":\"https:\\\/\\\/secure.gravatar.com\\\/avatar\\\/348e3148e60a9d417f4c7f711aaf87be299fbcf0e73ff7db0a825e5c3ff7d166?s=96&d=mm&r=g\",\"url\":\"https:\\\/\\\/secure.gravatar.com\\\/avatar\\\/348e3148e60a9d417f4c7f711aaf87be299fbcf0e73ff7db0a825e5c3ff7d166?s=96&d=mm&r=g\",\"contentUrl\":\"https:\\\/\\\/secure.gravatar.com\\\/avatar\\\/348e3148e60a9d417f4c7f711aaf87be299fbcf0e73ff7db0a825e5c3ff7d166?s=96&d=mm&r=g\",\"caption\":\"Campos\"}}]}<\/script>\n<!-- \/ Yoast SEO plugin. -->","yoast_head_json":{"title":"Campos colabora en la VI Carrera Inclusiva de amiab en Albacete, que bate r\u00e9cord de participaci\u00f3n - Campos","robots":{"index":"index","follow":"follow","max-snippet":"max-snippet:-1","max-image-preview":"max-image-preview:large","max-video-preview":"max-video-preview:-1"},"canonical":"https:\/\/camposcorporacion.com\/campos-carrera-inclusiva-amiab-albacete\/","og_locale":"en_US","og_type":"article","og_title":"Campos colabora en la VI Carrera Inclusiva de amiab en Albacete, que bate r\u00e9cord de participaci\u00f3n - Campos","og_description":"El pasado domingo 19 de abril, Albacete acogi\u00f3 la VI Carrera Inclusiva organizada por amiab, dentro de su iniciativa Movimiento [&hellip;]","og_url":"https:\/\/camposcorporacion.com\/campos-carrera-inclusiva-amiab-albacete\/","og_site_name":"Campos","article_published_time":"2026-04-23T08:29:32+00:00","article_modified_time":"2026-04-23T08:29:35+00:00","og_image":[{"width":1920,"height":1080,"url":"https:\/\/camposcorporacion.com\/wp-content\/uploads\/2026\/04\/1-PORTADA-1.jpg","type":"image\/jpeg"}],"author":"Campos","twitter_card":"summary_large_image","twitter_misc":{"Written by":"Campos","Est. reading time":"4 minutes"},"schema":{"@context":"https:\/\/schema.org","@graph":[{"@type":"Article","@id":"https:\/\/camposcorporacion.com\/campos-carrera-inclusiva-amiab-albacete\/#article","isPartOf":{"@id":"https:\/\/camposcorporacion.com\/campos-carrera-inclusiva-amiab-albacete\/"},"author":{"name":"Campos","@id":"https:\/\/camposcorporacion.com\/#\/schema\/person\/28c4749bffada975dd2d764fd4efd894"},"headline":"Campos colabora en la VI Carrera Inclusiva de amiab en Albacete, que bate r\u00e9cord de participaci\u00f3n","datePublished":"2026-04-23T08:29:32+00:00","dateModified":"2026-04-23T08:29:35+00:00","mainEntityOfPage":{"@id":"https:\/\/camposcorporacion.com\/campos-carrera-inclusiva-amiab-albacete\/"},"wordCount":404,"publisher":{"@id":"https:\/\/camposcorporacion.com\/#organization"},"image":{"@id":"https:\/\/camposcorporacion.com\/campos-carrera-inclusiva-amiab-albacete\/#primaryimage"},"thumbnailUrl":"https:\/\/camposcorporacion.com\/wp-content\/uploads\/2026\/04\/1-PORTADA-1.jpg","articleSection":["Noticias corporativas"],"inLanguage":"en-US"},{"@type":"WebPage","@id":"https:\/\/camposcorporacion.com\/campos-carrera-inclusiva-amiab-albacete\/","url":"https:\/\/camposcorporacion.com\/campos-carrera-inclusiva-amiab-albacete\/","name":"Campos colabora en la VI Carrera Inclusiva de amiab en Albacete, que bate r\u00e9cord de participaci\u00f3n - Campos","isPartOf":{"@id":"https:\/\/camposcorporacion.com\/#website"},"primaryImageOfPage":{"@id":"https:\/\/camposcorporacion.com\/campos-carrera-inclusiva-amiab-albacete\/#primaryimage"},"image":{"@id":"https:\/\/camposcorporacion.com\/campos-carrera-inclusiva-amiab-albacete\/#primaryimage"},"thumbnailUrl":"https:\/\/camposcorporacion.com\/wp-content\/uploads\/2026\/04\/1-PORTADA-1.jpg","datePublished":"2026-04-23T08:29:32+00:00","dateModified":"2026-04-23T08:29:35+00:00","inLanguage":"en-US","potentialAction":[{"@type":"ReadAction","target":["https:\/\/camposcorporacion.com\/campos-carrera-inclusiva-amiab-albacete\/"]}]},{"@type":"ImageObject","inLanguage":"en-US","@id":"https:\/\/camposcorporacion.com\/campos-carrera-inclusiva-amiab-albacete\/#primaryimage","url":"https:\/\/camposcorporacion.com\/wp-content\/uploads\/2026\/04\/1-PORTADA-1.jpg","contentUrl":"https:\/\/camposcorporacion.com\/wp-content\/uploads\/2026\/04\/1-PORTADA-1.jpg","width":1920,"height":1080},{"@type":"WebSite","@id":"https:\/\/camposcorporacion.com\/#website","url":"https:\/\/camposcorporacion.com\/","name":"Campos","description":"","publisher":{"@id":"https:\/\/camposcorporacion.com\/#organization"},"potentialAction":[{"@type":"SearchAction","target":{"@type":"EntryPoint","urlTemplate":"https:\/\/camposcorporacion.com\/?s={search_term_string}"},"query-input":{"@type":"PropertyValueSpecification","valueRequired":true,"valueName":"search_term_string"}}],"inLanguage":"en-US"},{"@type":"Organization","@id":"https:\/\/camposcorporacion.com\/#organization","name":"Campos Corporaci\u00f3n","alternateName":"Campos","url":"https:\/\/camposcorporacion.com\/","logo":{"@type":"ImageObject","inLanguage":"en-US","@id":"https:\/\/camposcorporacion.com\/#\/schema\/logo\/image\/","url":"https:\/\/camposcorporacion.com\/wp-content\/uploads\/2026\/03\/campos-yoast.png","contentUrl":"https:\/\/camposcorporacion.com\/wp-content\/uploads\/2026\/03\/campos-yoast.png","width":696,"height":696,"caption":"Campos Corporaci\u00f3n"},"image":{"@id":"https:\/\/camposcorporacion.com\/#\/schema\/logo\/image\/"}},{"@type":"Person","@id":"https:\/\/camposcorporacion.com\/#\/schema\/person\/28c4749bffada975dd2d764fd4efd894","name":"Campos","image":{"@type":"ImageObject","inLanguage":"en-US","@id":"https:\/\/secure.gravatar.com\/avatar\/348e3148e60a9d417f4c7f711aaf87be299fbcf0e73ff7db0a825e5c3ff7d166?s=96&d=mm&r=g","url":"https:\/\/secure.gravatar.com\/avatar\/348e3148e60a9d417f4c7f711aaf87be299fbcf0e73ff7db0a825e5c3ff7d166?s=96&d=mm&r=g","contentUrl":"https:\/\/secure.gravatar.com\/avatar\/348e3148e60a9d417f4c7f711aaf87be299fbcf0e73ff7db0a825e5c3ff7d166?s=96&d=mm&r=g","caption":"Campos"}}]}},"_links":{"self":[{"href":"https:\/\/camposcorporacion.com\/en\/wp-json\/wp\/v2\/posts\/22196","targetHints":{"allow":["GET"]}}],"collection":[{"href":"https:\/\/camposcorporacion.com\/en\/wp-json\/wp\/v2\/posts"}],"about":[{"href":"https:\/\/camposcorporacion.com\/en\/wp-json\/wp\/v2\/types\/post"}],"author":[{"embeddable":true,"href":"https:\/\/camposcorporacion.com\/en\/wp-json\/wp\/v2\/users\/2"}],"replies":[{"embeddable":true,"href":"https:\/\/camposcorporacion.com\/en\/wp-json\/wp\/v2\/comments?post=22196"}],"version-history":[{"count":0,"href":"https:\/\/camposcorporacion.com\/en\/wp-json\/wp\/v2\/posts\/22196\/revisions"}],"wp:featuredmedia":[{"embeddable":true,"href":"https:\/\/camposcorporacion.com\/en\/wp-json\/wp\/v2\/media\/22213"}],"wp:attachment":[{"href":"https:\/\/camposcorporacion.com\/en\/wp-json\/wp\/v2\/media?parent=22196"}],"wp:term":[{"taxonomy":"category","embeddable":true,"href":"https:\/\/camposcorporacion.com\/en\/wp-json\/wp\/v2\/categories?post=22196"},{"taxonomy":"post_tag","embeddable":true,"href":"https:\/\/camposcorporacion.com\/en\/wp-json\/wp\/v2\/tags?post=22196"}],"curies":[{"name":"wp","href":"https:\/\/api.w.org\/{rel}","templated":true}]}}