{"id":20987,"date":"2025-08-06T10:51:26","date_gmt":"2025-08-06T08:51:26","guid":{"rendered":"https:\/\/camposcorporacion.com\/?p=20987"},"modified":"2025-08-06T11:18:21","modified_gmt":"2025-08-06T09:18:21","slug":"publicamos-nuestra-memoria-de-responsabilidad-social-corporativa-2024","status":"publish","type":"post","link":"https:\/\/camposcorporacion.com\/en\/publicamos-nuestra-memoria-de-responsabilidad-social-corporativa-2024\/","title":{"rendered":"Publicamos nuestra Memoria de Responsabilidad Social Corporativa 2024"},"content":{"rendered":"\n<div style=\"height:39px\" aria-hidden=\"true\" class=\"wp-block-spacer\"><\/div>\n\n\n<p><span style=\"font-weight: 400;\">En Campos seguimos avanzando en nuestro compromiso con la sostenibilidad, la transparencia y la responsabilidad empresarial. Recientemente hemos finalizado nuestra <\/span><b>tercera Memoria de Responsabilidad Social Corporativa<\/b><span style=\"font-weight: 400;\">, elaborada a partir del <\/span><b>Estado de Informaci\u00f3n No Financiera (EINF)<\/b><span style=\"font-weight: 400;\"> correspondiente al ejercicio 2024, tambi\u00e9n finalizado.<\/span><\/p>\n<p><span style=\"font-weight: 400;\">A trav\u00e9s de este documento reforzamos nuestra voluntad de generar un impacto positivo en nuestro entorno, tanto a nivel ambiental como social, econ\u00f3mico y \u00e9tico. La memoria refleja de forma estructurada los resultados, avances y ejes estrat\u00e9gicos que gu\u00edan nuestra actividad.<\/span><\/p>\n<p>\u00a0<\/p>\n<p style=\"text-align: center;\"><a href=\"https:\/\/drive.google.com\/file\/d\/15lvXsqzdPT7NxxUjxnIAKfS5YbLqUbJg\/view?usp=sharing\" target=\"_blank\" rel=\"noopener\"><span style=\"font-weight: 400;\">Ver Memoria de Responsabilidad Social Corporativa 2024<\/span><\/a><\/p>\n<p style=\"text-align: center;\"><a href=\"https:\/\/drive.google.com\/file\/d\/1n4UfA2OJwS1dlyVRXxRsrTPiP86num2g\/view?usp=sharing\" target=\"_blank\" rel=\"noopener\"><span style=\"font-weight: 400;\">Ver Estado de Informaci\u00f3n No Financiera 2024<\/span><\/a><\/p>\n<p style=\"text-align: center;\"><a href=\"https:\/\/camposcorporacion.com\/wp-content\/uploads\/2024\/07\/POLITICA-RESPONSABILIDAD-SOCIAL-CORPORATIVA-CAMPOS_rev-Agosto-2024-v01.pdf\" target=\"_blank\" rel=\"noopener\"><span style=\"font-weight: 400;\">Ver Pol\u00edtica de RSC<\/span><\/a><\/p>\n<p>\u00a0<\/p>\n\n\n<div style=\"height:32px\" aria-hidden=\"true\" class=\"wp-block-spacer\"><\/div>\n\n\n\n<h3 class=\"wp-block-heading\"><strong>Memoria de Responsabilidad Social Corporativa 2024<\/strong><\/h3>\n\n\n\n<p>En esta tercera edici\u00f3n recogemos los aspectos m\u00e1s relevantes reflejados en nuestro EINF, estructurados en torno a los <strong>ejes clave<\/strong> que definen nuestra visi\u00f3n de la responsabilidad social corporativa:<\/p>\n\n\n\n<ul class=\"wp-block-list\">\n<li><strong>Impacto de nuestra actividad en relaci\u00f3n con:<\/strong>\n<ul class=\"wp-block-list\">\n<li>Cuestiones medioambientales.<\/li>\n\n\n\n<li>Cuestiones sociales y relativas al personal.<\/li>\n\n\n\n<li>Cuestiones relacionadas con el respeto a los Derechos Humanos.<\/li>\n\n\n\n<li>Cuestiones relativas a la lucha contra la corrupci\u00f3n y el soborno.<\/li>\n\n\n\n<li>Cuestiones relativas a la sociedad y el desarrollo sostenible.<\/li>\n<\/ul>\n<\/li>\n\n\n\n<li>Compromiso con los proveedores.<\/li>\n\n\n\n<li>Compromiso con el cliente.<\/li>\n<\/ul>\n\n\n\n<div style=\"height:32px\" aria-hidden=\"true\" class=\"wp-block-spacer\"><\/div>\n\n\n\n<h3 class=\"wp-block-heading\"><strong>Estado de Informaci\u00f3n No Financiera en Campos (EINF) 2024<\/strong><\/h3>\n\n\n\n<p>En <a href=\"https:\/\/camposcorporacion.com\/\">Campos <\/a>elaboramos anualmente el <strong>Estado de Informaci\u00f3n No Financiera (EINF)<\/strong> como parte de nuestro compromiso con la responsabilidad corporativa y la transparencia en la gesti\u00f3n. Este informe recoge los principales datos no financieros de la organizaci\u00f3n, ofreciendo una visi\u00f3n clara de nuestro desempe\u00f1o social, ambiental y \u00e9tico.<\/p>\n\n\n\n<p>El documento cuenta con la verificaci\u00f3n de un auditor externo independiente y se publica oficialmente en el <strong>Registro Mercantil<\/strong>, junto al <strong>Informe Financiero de Campos<\/strong>.<\/p>\n\n\n\n<div style=\"height:32px\" aria-hidden=\"true\" class=\"wp-block-spacer\"><\/div>\n\n\n\n<h3 class=\"wp-block-heading\"><strong>Pol\u00edtica de RSC<\/strong><\/h3>\n\n\n\n<p>La Direcci\u00f3n de Campos mantiene firme su compromiso con la sostenibilidad, renovando su <strong>Pol\u00edtica de Responsabilidad Social Corporativa<\/strong>, que define los principios que gu\u00edan nuestra actividad.<\/p>\n\n\n\n<p>Esta pol\u00edtica orienta la gesti\u00f3n de los impactos generados sobre el medioambiente, las personas, los clientes, los proveedores, las comunidades locales y la sociedad en general, y se aplica de forma transversal a todas las \u00e1reas de la organizaci\u00f3n.<\/p>\n\n\n\n<div style=\"height:32px\" aria-hidden=\"true\" class=\"wp-block-spacer\"><\/div>\n","protected":false},"excerpt":{"rendered":"<p>En Campos seguimos avanzando en nuestro compromiso con la sostenibilidad, la transparencia y la responsabilidad empresarial. Recientemente hemos finalizado nuestra [&hellip;]<\/p>\n","protected":false},"author":2,"featured_media":20989,"comment_status":"closed","ping_status":"closed","sticky":false,"template":"","format":"standard","meta":{"footnotes":""},"categories":[85],"tags":[],"class_list":["post-20987","post","type-post","status-publish","format-standard","has-post-thumbnail","hentry","category-noticias-corporativas"],"yoast_head":"<!-- This site is optimized with the Yoast SEO plugin v27.3 - https:\/\/yoast.com\/product\/yoast-seo-wordpress\/ -->\n<title>Publicamos nuestra Memoria de Responsabilidad Social Corporativa 2024 - Campos<\/title>\n<meta name=\"robots\" content=\"index, follow, max-snippet:-1, max-image-preview:large, max-video-preview:-1\" \/>\n<link rel=\"canonical\" href=\"https:\/\/camposcorporacion.com\/publicamos-nuestra-memoria-de-responsabilidad-social-corporativa-2024\/\" \/>\n<meta property=\"og:locale\" content=\"en_US\" \/>\n<meta property=\"og:type\" content=\"article\" \/>\n<meta property=\"og:title\" content=\"Publicamos nuestra Memoria de Responsabilidad Social Corporativa 2024 - Campos\" \/>\n<meta property=\"og:description\" content=\"En Campos seguimos avanzando en nuestro compromiso con la sostenibilidad, la transparencia y la responsabilidad empresarial. Recientemente hemos finalizado nuestra [&hellip;]\" \/>\n<meta property=\"og:url\" content=\"https:\/\/camposcorporacion.com\/publicamos-nuestra-memoria-de-responsabilidad-social-corporativa-2024\/\" \/>\n<meta property=\"og:site_name\" content=\"Campos\" \/>\n<meta property=\"article:published_time\" content=\"2025-08-06T08:51:26+00:00\" \/>\n<meta property=\"article:modified_time\" content=\"2025-08-06T09:18:21+00:00\" \/>\n<meta property=\"og:image\" content=\"https:\/\/camposcorporacion.com\/wp-content\/uploads\/2025\/08\/Campos-memoria-responsabilidad-2024-2137X1192-v01.jpg\" \/>\n\t<meta property=\"og:image:width\" content=\"2138\" \/>\n\t<meta property=\"og:image:height\" content=\"1193\" \/>\n\t<meta property=\"og:image:type\" content=\"image\/jpeg\" \/>\n<meta name=\"author\" content=\"Campos\" \/>\n<meta name=\"twitter:card\" content=\"summary_large_image\" \/>\n<meta name=\"twitter:label1\" content=\"Written by\" \/>\n\t<meta name=\"twitter:data1\" content=\"Campos\" \/>\n\t<meta name=\"twitter:label2\" content=\"Est. reading time\" \/>\n\t<meta name=\"twitter:data2\" content=\"2 minutes\" \/>\n<script type=\"application\/ld+json\" class=\"yoast-schema-graph\">{\"@context\":\"https:\\\/\\\/schema.org\",\"@graph\":[{\"@type\":\"Article\",\"@id\":\"https:\\\/\\\/camposcorporacion.com\\\/publicamos-nuestra-memoria-de-responsabilidad-social-corporativa-2024\\\/#article\",\"isPartOf\":{\"@id\":\"https:\\\/\\\/camposcorporacion.com\\\/publicamos-nuestra-memoria-de-responsabilidad-social-corporativa-2024\\\/\"},\"author\":{\"name\":\"Campos\",\"@id\":\"https:\\\/\\\/camposcorporacion.com\\\/#\\\/schema\\\/person\\\/28c4749bffada975dd2d764fd4efd894\"},\"headline\":\"Publicamos nuestra Memoria de Responsabilidad Social Corporativa 2024\",\"datePublished\":\"2025-08-06T08:51:26+00:00\",\"dateModified\":\"2025-08-06T09:18:21+00:00\",\"mainEntityOfPage\":{\"@id\":\"https:\\\/\\\/camposcorporacion.com\\\/publicamos-nuestra-memoria-de-responsabilidad-social-corporativa-2024\\\/\"},\"wordCount\":367,\"publisher\":{\"@id\":\"https:\\\/\\\/camposcorporacion.com\\\/#organization\"},\"image\":{\"@id\":\"https:\\\/\\\/camposcorporacion.com\\\/publicamos-nuestra-memoria-de-responsabilidad-social-corporativa-2024\\\/#primaryimage\"},\"thumbnailUrl\":\"https:\\\/\\\/camposcorporacion.com\\\/wp-content\\\/uploads\\\/2025\\\/08\\\/Campos-memoria-responsabilidad-2024-2137X1192-v01.jpg\",\"articleSection\":[\"Noticias corporativas\"],\"inLanguage\":\"en-US\"},{\"@type\":\"WebPage\",\"@id\":\"https:\\\/\\\/camposcorporacion.com\\\/publicamos-nuestra-memoria-de-responsabilidad-social-corporativa-2024\\\/\",\"url\":\"https:\\\/\\\/camposcorporacion.com\\\/publicamos-nuestra-memoria-de-responsabilidad-social-corporativa-2024\\\/\",\"name\":\"Publicamos nuestra Memoria de Responsabilidad Social Corporativa 2024 - Campos\",\"isPartOf\":{\"@id\":\"https:\\\/\\\/camposcorporacion.com\\\/#website\"},\"primaryImageOfPage\":{\"@id\":\"https:\\\/\\\/camposcorporacion.com\\\/publicamos-nuestra-memoria-de-responsabilidad-social-corporativa-2024\\\/#primaryimage\"},\"image\":{\"@id\":\"https:\\\/\\\/camposcorporacion.com\\\/publicamos-nuestra-memoria-de-responsabilidad-social-corporativa-2024\\\/#primaryimage\"},\"thumbnailUrl\":\"https:\\\/\\\/camposcorporacion.com\\\/wp-content\\\/uploads\\\/2025\\\/08\\\/Campos-memoria-responsabilidad-2024-2137X1192-v01.jpg\",\"datePublished\":\"2025-08-06T08:51:26+00:00\",\"dateModified\":\"2025-08-06T09:18:21+00:00\",\"inLanguage\":\"en-US\",\"potentialAction\":[{\"@type\":\"ReadAction\",\"target\":[\"https:\\\/\\\/camposcorporacion.com\\\/publicamos-nuestra-memoria-de-responsabilidad-social-corporativa-2024\\\/\"]}]},{\"@type\":\"ImageObject\",\"inLanguage\":\"en-US\",\"@id\":\"https:\\\/\\\/camposcorporacion.com\\\/publicamos-nuestra-memoria-de-responsabilidad-social-corporativa-2024\\\/#primaryimage\",\"url\":\"https:\\\/\\\/camposcorporacion.com\\\/wp-content\\\/uploads\\\/2025\\\/08\\\/Campos-memoria-responsabilidad-2024-2137X1192-v01.jpg\",\"contentUrl\":\"https:\\\/\\\/camposcorporacion.com\\\/wp-content\\\/uploads\\\/2025\\\/08\\\/Campos-memoria-responsabilidad-2024-2137X1192-v01.jpg\",\"width\":2138,\"height\":1193},{\"@type\":\"WebSite\",\"@id\":\"https:\\\/\\\/camposcorporacion.com\\\/#website\",\"url\":\"https:\\\/\\\/camposcorporacion.com\\\/\",\"name\":\"Campos\",\"description\":\"\",\"publisher\":{\"@id\":\"https:\\\/\\\/camposcorporacion.com\\\/#organization\"},\"potentialAction\":[{\"@type\":\"SearchAction\",\"target\":{\"@type\":\"EntryPoint\",\"urlTemplate\":\"https:\\\/\\\/camposcorporacion.com\\\/?s={search_term_string}\"},\"query-input\":{\"@type\":\"PropertyValueSpecification\",\"valueRequired\":true,\"valueName\":\"search_term_string\"}}],\"inLanguage\":\"en-US\"},{\"@type\":\"Organization\",\"@id\":\"https:\\\/\\\/camposcorporacion.com\\\/#organization\",\"name\":\"Campos Corporaci\u00f3n\",\"alternateName\":\"Campos\",\"url\":\"https:\\\/\\\/camposcorporacion.com\\\/\",\"logo\":{\"@type\":\"ImageObject\",\"inLanguage\":\"en-US\",\"@id\":\"https:\\\/\\\/camposcorporacion.com\\\/#\\\/schema\\\/logo\\\/image\\\/\",\"url\":\"https:\\\/\\\/camposcorporacion.com\\\/wp-content\\\/uploads\\\/2026\\\/03\\\/campos-yoast.png\",\"contentUrl\":\"https:\\\/\\\/camposcorporacion.com\\\/wp-content\\\/uploads\\\/2026\\\/03\\\/campos-yoast.png\",\"width\":696,\"height\":696,\"caption\":\"Campos Corporaci\u00f3n\"},\"image\":{\"@id\":\"https:\\\/\\\/camposcorporacion.com\\\/#\\\/schema\\\/logo\\\/image\\\/\"}},{\"@type\":\"Person\",\"@id\":\"https:\\\/\\\/camposcorporacion.com\\\/#\\\/schema\\\/person\\\/28c4749bffada975dd2d764fd4efd894\",\"name\":\"Campos\",\"image\":{\"@type\":\"ImageObject\",\"inLanguage\":\"en-US\",\"@id\":\"https:\\\/\\\/secure.gravatar.com\\\/avatar\\\/348e3148e60a9d417f4c7f711aaf87be299fbcf0e73ff7db0a825e5c3ff7d166?s=96&d=mm&r=g\",\"url\":\"https:\\\/\\\/secure.gravatar.com\\\/avatar\\\/348e3148e60a9d417f4c7f711aaf87be299fbcf0e73ff7db0a825e5c3ff7d166?s=96&d=mm&r=g\",\"contentUrl\":\"https:\\\/\\\/secure.gravatar.com\\\/avatar\\\/348e3148e60a9d417f4c7f711aaf87be299fbcf0e73ff7db0a825e5c3ff7d166?s=96&d=mm&r=g\",\"caption\":\"Campos\"}}]}<\/script>\n<!-- \/ Yoast SEO plugin. -->","yoast_head_json":{"title":"Publicamos nuestra Memoria de Responsabilidad Social Corporativa 2024 - Campos","robots":{"index":"index","follow":"follow","max-snippet":"max-snippet:-1","max-image-preview":"max-image-preview:large","max-video-preview":"max-video-preview:-1"},"canonical":"https:\/\/camposcorporacion.com\/publicamos-nuestra-memoria-de-responsabilidad-social-corporativa-2024\/","og_locale":"en_US","og_type":"article","og_title":"Publicamos nuestra Memoria de Responsabilidad Social Corporativa 2024 - Campos","og_description":"En Campos seguimos avanzando en nuestro compromiso con la sostenibilidad, la transparencia y la responsabilidad empresarial. Recientemente hemos finalizado nuestra [&hellip;]","og_url":"https:\/\/camposcorporacion.com\/publicamos-nuestra-memoria-de-responsabilidad-social-corporativa-2024\/","og_site_name":"Campos","article_published_time":"2025-08-06T08:51:26+00:00","article_modified_time":"2025-08-06T09:18:21+00:00","og_image":[{"width":2138,"height":1193,"url":"https:\/\/camposcorporacion.com\/wp-content\/uploads\/2025\/08\/Campos-memoria-responsabilidad-2024-2137X1192-v01.jpg","type":"image\/jpeg"}],"author":"Campos","twitter_card":"summary_large_image","twitter_misc":{"Written by":"Campos","Est. reading time":"2 minutes"},"schema":{"@context":"https:\/\/schema.org","@graph":[{"@type":"Article","@id":"https:\/\/camposcorporacion.com\/publicamos-nuestra-memoria-de-responsabilidad-social-corporativa-2024\/#article","isPartOf":{"@id":"https:\/\/camposcorporacion.com\/publicamos-nuestra-memoria-de-responsabilidad-social-corporativa-2024\/"},"author":{"name":"Campos","@id":"https:\/\/camposcorporacion.com\/#\/schema\/person\/28c4749bffada975dd2d764fd4efd894"},"headline":"Publicamos nuestra Memoria de Responsabilidad Social Corporativa 2024","datePublished":"2025-08-06T08:51:26+00:00","dateModified":"2025-08-06T09:18:21+00:00","mainEntityOfPage":{"@id":"https:\/\/camposcorporacion.com\/publicamos-nuestra-memoria-de-responsabilidad-social-corporativa-2024\/"},"wordCount":367,"publisher":{"@id":"https:\/\/camposcorporacion.com\/#organization"},"image":{"@id":"https:\/\/camposcorporacion.com\/publicamos-nuestra-memoria-de-responsabilidad-social-corporativa-2024\/#primaryimage"},"thumbnailUrl":"https:\/\/camposcorporacion.com\/wp-content\/uploads\/2025\/08\/Campos-memoria-responsabilidad-2024-2137X1192-v01.jpg","articleSection":["Noticias corporativas"],"inLanguage":"en-US"},{"@type":"WebPage","@id":"https:\/\/camposcorporacion.com\/publicamos-nuestra-memoria-de-responsabilidad-social-corporativa-2024\/","url":"https:\/\/camposcorporacion.com\/publicamos-nuestra-memoria-de-responsabilidad-social-corporativa-2024\/","name":"Publicamos nuestra Memoria de Responsabilidad Social Corporativa 2024 - Campos","isPartOf":{"@id":"https:\/\/camposcorporacion.com\/#website"},"primaryImageOfPage":{"@id":"https:\/\/camposcorporacion.com\/publicamos-nuestra-memoria-de-responsabilidad-social-corporativa-2024\/#primaryimage"},"image":{"@id":"https:\/\/camposcorporacion.com\/publicamos-nuestra-memoria-de-responsabilidad-social-corporativa-2024\/#primaryimage"},"thumbnailUrl":"https:\/\/camposcorporacion.com\/wp-content\/uploads\/2025\/08\/Campos-memoria-responsabilidad-2024-2137X1192-v01.jpg","datePublished":"2025-08-06T08:51:26+00:00","dateModified":"2025-08-06T09:18:21+00:00","inLanguage":"en-US","potentialAction":[{"@type":"ReadAction","target":["https:\/\/camposcorporacion.com\/publicamos-nuestra-memoria-de-responsabilidad-social-corporativa-2024\/"]}]},{"@type":"ImageObject","inLanguage":"en-US","@id":"https:\/\/camposcorporacion.com\/publicamos-nuestra-memoria-de-responsabilidad-social-corporativa-2024\/#primaryimage","url":"https:\/\/camposcorporacion.com\/wp-content\/uploads\/2025\/08\/Campos-memoria-responsabilidad-2024-2137X1192-v01.jpg","contentUrl":"https:\/\/camposcorporacion.com\/wp-content\/uploads\/2025\/08\/Campos-memoria-responsabilidad-2024-2137X1192-v01.jpg","width":2138,"height":1193},{"@type":"WebSite","@id":"https:\/\/camposcorporacion.com\/#website","url":"https:\/\/camposcorporacion.com\/","name":"Campos","description":"","publisher":{"@id":"https:\/\/camposcorporacion.com\/#organization"},"potentialAction":[{"@type":"SearchAction","target":{"@type":"EntryPoint","urlTemplate":"https:\/\/camposcorporacion.com\/?s={search_term_string}"},"query-input":{"@type":"PropertyValueSpecification","valueRequired":true,"valueName":"search_term_string"}}],"inLanguage":"en-US"},{"@type":"Organization","@id":"https:\/\/camposcorporacion.com\/#organization","name":"Campos Corporaci\u00f3n","alternateName":"Campos","url":"https:\/\/camposcorporacion.com\/","logo":{"@type":"ImageObject","inLanguage":"en-US","@id":"https:\/\/camposcorporacion.com\/#\/schema\/logo\/image\/","url":"https:\/\/camposcorporacion.com\/wp-content\/uploads\/2026\/03\/campos-yoast.png","contentUrl":"https:\/\/camposcorporacion.com\/wp-content\/uploads\/2026\/03\/campos-yoast.png","width":696,"height":696,"caption":"Campos Corporaci\u00f3n"},"image":{"@id":"https:\/\/camposcorporacion.com\/#\/schema\/logo\/image\/"}},{"@type":"Person","@id":"https:\/\/camposcorporacion.com\/#\/schema\/person\/28c4749bffada975dd2d764fd4efd894","name":"Campos","image":{"@type":"ImageObject","inLanguage":"en-US","@id":"https:\/\/secure.gravatar.com\/avatar\/348e3148e60a9d417f4c7f711aaf87be299fbcf0e73ff7db0a825e5c3ff7d166?s=96&d=mm&r=g","url":"https:\/\/secure.gravatar.com\/avatar\/348e3148e60a9d417f4c7f711aaf87be299fbcf0e73ff7db0a825e5c3ff7d166?s=96&d=mm&r=g","contentUrl":"https:\/\/secure.gravatar.com\/avatar\/348e3148e60a9d417f4c7f711aaf87be299fbcf0e73ff7db0a825e5c3ff7d166?s=96&d=mm&r=g","caption":"Campos"}}]}},"_links":{"self":[{"href":"https:\/\/camposcorporacion.com\/en\/wp-json\/wp\/v2\/posts\/20987","targetHints":{"allow":["GET"]}}],"collection":[{"href":"https:\/\/camposcorporacion.com\/en\/wp-json\/wp\/v2\/posts"}],"about":[{"href":"https:\/\/camposcorporacion.com\/en\/wp-json\/wp\/v2\/types\/post"}],"author":[{"embeddable":true,"href":"https:\/\/camposcorporacion.com\/en\/wp-json\/wp\/v2\/users\/2"}],"replies":[{"embeddable":true,"href":"https:\/\/camposcorporacion.com\/en\/wp-json\/wp\/v2\/comments?post=20987"}],"version-history":[{"count":0,"href":"https:\/\/camposcorporacion.com\/en\/wp-json\/wp\/v2\/posts\/20987\/revisions"}],"wp:featuredmedia":[{"embeddable":true,"href":"https:\/\/camposcorporacion.com\/en\/wp-json\/wp\/v2\/media\/20989"}],"wp:attachment":[{"href":"https:\/\/camposcorporacion.com\/en\/wp-json\/wp\/v2\/media?parent=20987"}],"wp:term":[{"taxonomy":"category","embeddable":true,"href":"https:\/\/camposcorporacion.com\/en\/wp-json\/wp\/v2\/categories?post=20987"},{"taxonomy":"post_tag","embeddable":true,"href":"https:\/\/camposcorporacion.com\/en\/wp-json\/wp\/v2\/tags?post=20987"}],"curies":[{"name":"wp","href":"https:\/\/api.w.org\/{rel}","templated":true}]}}