{"id":17085,"date":"2023-07-25T05:54:09","date_gmt":"2023-07-25T05:54:09","guid":{"rendered":"https:\/\/camposcorporacion.com\/?p=17085"},"modified":"2023-07-26T04:51:07","modified_gmt":"2023-07-26T04:51:07","slug":"publicamos-nuestra-memoria-de-responsabilidad-social-corporativa-2022","status":"publish","type":"post","link":"https:\/\/camposcorporacion.com\/en\/publicamos-nuestra-memoria-de-responsabilidad-social-corporativa-2022\/","title":{"rendered":"Publicamos nuestra Memoria de Responsabilidad Social Corporativa 2022"},"content":{"rendered":"<p><span style=\"font-weight: 400;\">Recientemente hemos finalizado nuestra primera <strong>Memoria de Responsabilidad Social Corporativa<\/strong><\/span><span style=\"font-weight: 400;\">, basada en el <strong>Estado de Informaci\u00f3n No Financiera (EINF)<\/strong> del grupo de 2022. <strong>Mediante la RSC gestionamos los impactos<\/strong> que nuestra actividad genera sobre el medio ambiente, empleados, clientes, proveedores, comunidades locales, y sobre la sociedad en general.<\/span><\/p>\n<h3>Responsabilidad Social Corporativa en Campos<\/h3>\n<p><b>A trav\u00e9s de nuestra Pol\u00edtica de RSC y Pol\u00edtica Integrada<\/b><span style=\"font-weight: 400;\"> de Calidad, Gesti\u00f3n Ambiental y Seguridad y Salud en el Trabajo (SST), promovemos<\/span><b> la sostenibilidad y la mejora continua<\/b><span style=\"font-weight: 400;\"> de la compa\u00f1\u00eda. Los <\/span><b>pilares <\/b><span style=\"font-weight: 400;\">en los que se basan son:\u00a0<\/span><\/p>\n<ul>\n<li style=\"font-weight: 400;\" aria-level=\"1\"><span style=\"font-weight: 400;\">Impacto de nuestra actividad en relaci\u00f3n con:<\/span>\n<ul>\n<li style=\"font-weight: 400;\" aria-level=\"2\"><span style=\"font-weight: 400;\">Cuestiones medioambientales.<\/span><\/li>\n<li style=\"font-weight: 400;\" aria-level=\"2\"><span style=\"font-weight: 400;\">Cuestiones sociales y relativas al personal.<\/span><\/li>\n<li style=\"font-weight: 400;\" aria-level=\"2\"><span style=\"font-weight: 400;\">Cuestiones relacionadas con el respeto a los Derechos Humanos.<\/span><\/li>\n<li style=\"font-weight: 400;\" aria-level=\"2\"><span style=\"font-weight: 400;\">Cuestiones relativas a la lucha contra la corrupci\u00f3n y el soborno.<\/span><\/li>\n<li style=\"font-weight: 400;\" aria-level=\"2\"><span style=\"font-weight: 400;\">Cuestiones relativas a la sociedad y el desarrollo sostenible.<\/span><\/li>\n<\/ul>\n<\/li>\n<li style=\"font-weight: 400;\" aria-level=\"1\"><span style=\"font-weight: 400;\">Compromiso con los proveedores.<\/span><\/li>\n<li style=\"font-weight: 400;\" aria-level=\"1\"><span style=\"font-weight: 400;\">Compromiso con el cliente.<\/span><\/li>\n<\/ul>\n<h3>Estado de Informaci\u00f3n No Financiera en Campos<\/h3>\n<p><b>La RSC y su divulgaci\u00f3n en las PYMES es voluntaria, no obligatoria.<\/b><span style=\"font-weight: 400;\"> Recientemente se ha aprobado por la Comisi\u00f3n Europea un primer paquete de indicadores ESRS que ayudar\u00e1n a medir, verificar y difundir esta informaci\u00f3n a nivel comunitario, pero que a\u00fan no han sido transpuestos al marco jur\u00eddico espa\u00f1ol. Sin embargo, existe una ley de \u00e1mbito nacional (Ley 11\/2018) que busca mejorar la <\/span><b>coherencia y comparabilidad<\/b><span style=\"font-weight: 400;\"> de la informaci\u00f3n no financiera de determinadas empresas espa\u00f1olas mediante la <\/span><b>exigencia de un informe no financiero <\/b><span style=\"font-weight: 400;\">a empresas de m\u00e1s de 250 trabajadores que cumplan ciertas condiciones.<\/span><\/p>\n<p><span style=\"font-weight: 400;\">Desde <a href=\"https:\/\/camposcorporacion.com\/\" target=\"_blank\" rel=\"noopener\">Campos<\/a> realizamos anualmente este informe, denominado <\/span><b>Estado de Informaci\u00f3n No Financiera (EINF)<\/b><span style=\"font-weight: 400;\">, con el objetivo de aumentar la confianza de nuestros grupos de inter\u00e9s y de difundir nuestra pol\u00edtica de RSC, as\u00ed como nuestro compromiso con la sostenibilidad. Este informe es <\/span><b>verificado por un auditor externo independiente<\/b> <span style=\"font-weight: 400;\">y lo publicamos anualmente en el registro mercantil, junto al Informe Financiero de Campos.<\/span><\/p>\n<p><span style=\"font-weight: 400;\">Toda la informaci\u00f3n y datos de la Memoria de RSC han sido extra\u00eddos de nuestro Estado de Informaci\u00f3n No Financiera 2022, verificado externamente y registrado junto con el Estado Financiero en el Registro Mercantil.<\/span><\/p>\n<h4 style=\"text-align: center;\"><img loading=\"lazy\" decoding=\"async\" class=\"alignnone size-medium wp-image-17096\" src=\"https:\/\/camposcorporacion.com\/wp-content\/uploads\/2023\/07\/MEMORIA-DE-RSC-2022-300x169.jpg\" alt=\"MEMORIA DE RSC 2022\" width=\"300\" height=\"169\" srcset=\"https:\/\/camposcorporacion.com\/wp-content\/uploads\/2023\/07\/MEMORIA-DE-RSC-2022-300x169.jpg 300w, https:\/\/camposcorporacion.com\/wp-content\/uploads\/2023\/07\/MEMORIA-DE-RSC-2022-1024x576.jpg 1024w, https:\/\/camposcorporacion.com\/wp-content\/uploads\/2023\/07\/MEMORIA-DE-RSC-2022-768x432.jpg 768w, https:\/\/camposcorporacion.com\/wp-content\/uploads\/2023\/07\/MEMORIA-DE-RSC-2022.jpg 1280w\" sizes=\"auto, (max-width: 300px) 100vw, 300px\" \/><\/h4>\n<h5 style=\"text-align: center;\"><a href=\"https:\/\/camposcorporacion.com\/wp-content\/uploads\/2023\/07\/Campos-Memoria-RSC-2022.pdf\" target=\"_blank\" rel=\"noopener\">Ver Memoria de Responsabilidad Social Corporativa 2022<\/a><\/h5>\n<h4 style=\"text-align: center;\"><\/h4>\n<h5><img loading=\"lazy\" decoding=\"async\" class=\"aligncenter wp-image-17103 size-medium\" src=\"https:\/\/camposcorporacion.com\/wp-content\/uploads\/2023\/07\/Campos-EINF-2022-Portada-212x300.jpg\" alt=\"\" width=\"212\" height=\"300\" srcset=\"https:\/\/camposcorporacion.com\/wp-content\/uploads\/2023\/07\/Campos-EINF-2022-Portada-212x300.jpg 212w, https:\/\/camposcorporacion.com\/wp-content\/uploads\/2023\/07\/Campos-EINF-2022-Portada-724x1024.jpg 724w, https:\/\/camposcorporacion.com\/wp-content\/uploads\/2023\/07\/Campos-EINF-2022-Portada-768x1086.jpg 768w, https:\/\/camposcorporacion.com\/wp-content\/uploads\/2023\/07\/Campos-EINF-2022-Portada-1087x1536.jpg 1087w, https:\/\/camposcorporacion.com\/wp-content\/uploads\/2023\/07\/Campos-EINF-2022-Portada-1449x2048.jpg 1449w, https:\/\/camposcorporacion.com\/wp-content\/uploads\/2023\/07\/Campos-EINF-2022-Portada-scaled.jpg 1811w\" sizes=\"auto, (max-width: 212px) 100vw, 212px\" \/><\/h5>\n<h5 style=\"text-align: center;\"><a href=\"https:\/\/camposcorporacion.com\/wp-content\/uploads\/2023\/07\/Campos-EINF-2022.pdf\" target=\"_blank\" rel=\"noopener\">Ver Estado de Informaci\u00f3n No Financiera 2022<\/a><\/h5>\n","protected":false},"excerpt":{"rendered":"<p>Recientemente hemos finalizado nuestra primera Memoria de Responsabilidad Social Corporativa, basada en el Estado de Informaci\u00f3n No Financiera (EINF) del [&hellip;]<\/p>\n","protected":false},"author":2,"featured_media":17086,"comment_status":"closed","ping_status":"closed","sticky":false,"template":"","format":"standard","meta":{"footnotes":""},"categories":[85],"tags":[],"class_list":["post-17085","post","type-post","status-publish","format-standard","has-post-thumbnail","hentry","category-noticias-corporativas"],"yoast_head":"<!-- This site is optimized with the Yoast SEO plugin v27.3 - https:\/\/yoast.com\/product\/yoast-seo-wordpress\/ -->\n<title>Publicamos nuestra memoria de Responsabilidad Social Corporativa 2022<\/title>\n<meta name=\"description\" content=\"Publicamos nuestra memoria de Responsabilidad Social Corporativa 2022, basada en Estado de Informaci\u00f3n No Financiera del grupo.\" \/>\n<meta name=\"robots\" content=\"index, follow, max-snippet:-1, max-image-preview:large, max-video-preview:-1\" \/>\n<link rel=\"canonical\" href=\"https:\/\/camposcorporacion.com\/publicamos-nuestra-memoria-de-responsabilidad-social-corporativa-2022\/\" \/>\n<meta property=\"og:locale\" content=\"en_US\" \/>\n<meta property=\"og:type\" content=\"article\" \/>\n<meta property=\"og:title\" content=\"Publicamos nuestra memoria de Responsabilidad Social Corporativa 2022\" \/>\n<meta property=\"og:description\" content=\"Publicamos nuestra memoria de Responsabilidad Social Corporativa 2022, basada en Estado de Informaci\u00f3n No Financiera del grupo.\" \/>\n<meta property=\"og:url\" content=\"https:\/\/camposcorporacion.com\/publicamos-nuestra-memoria-de-responsabilidad-social-corporativa-2022\/\" \/>\n<meta property=\"og:site_name\" content=\"Campos\" \/>\n<meta property=\"article:published_time\" content=\"2023-07-25T05:54:09+00:00\" \/>\n<meta property=\"article:modified_time\" content=\"2023-07-26T04:51:07+00:00\" \/>\n<meta property=\"og:image\" content=\"https:\/\/camposcorporacion.com\/wp-content\/uploads\/2023\/07\/campos-memoria-responsabilidad-social-2022.jpg\" \/>\n\t<meta property=\"og:image:width\" content=\"2136\" \/>\n\t<meta property=\"og:image:height\" content=\"1117\" \/>\n\t<meta property=\"og:image:type\" content=\"image\/jpeg\" \/>\n<meta name=\"author\" content=\"Campos\" \/>\n<meta name=\"twitter:card\" content=\"summary_large_image\" \/>\n<meta name=\"twitter:label1\" content=\"Written by\" \/>\n\t<meta name=\"twitter:data1\" content=\"Campos\" \/>\n\t<meta name=\"twitter:label2\" content=\"Est. reading time\" \/>\n\t<meta name=\"twitter:data2\" content=\"3 minutes\" \/>\n<script type=\"application\/ld+json\" class=\"yoast-schema-graph\">{\"@context\":\"https:\\\/\\\/schema.org\",\"@graph\":[{\"@type\":\"Article\",\"@id\":\"https:\\\/\\\/camposcorporacion.com\\\/publicamos-nuestra-memoria-de-responsabilidad-social-corporativa-2022\\\/#article\",\"isPartOf\":{\"@id\":\"https:\\\/\\\/camposcorporacion.com\\\/publicamos-nuestra-memoria-de-responsabilidad-social-corporativa-2022\\\/\"},\"author\":{\"name\":\"Campos\",\"@id\":\"https:\\\/\\\/camposcorporacion.com\\\/#\\\/schema\\\/person\\\/28c4749bffada975dd2d764fd4efd894\"},\"headline\":\"Publicamos nuestra Memoria de Responsabilidad Social Corporativa 2022\",\"datePublished\":\"2023-07-25T05:54:09+00:00\",\"dateModified\":\"2023-07-26T04:51:07+00:00\",\"mainEntityOfPage\":{\"@id\":\"https:\\\/\\\/camposcorporacion.com\\\/publicamos-nuestra-memoria-de-responsabilidad-social-corporativa-2022\\\/\"},\"wordCount\":383,\"publisher\":{\"@id\":\"https:\\\/\\\/camposcorporacion.com\\\/#organization\"},\"image\":{\"@id\":\"https:\\\/\\\/camposcorporacion.com\\\/publicamos-nuestra-memoria-de-responsabilidad-social-corporativa-2022\\\/#primaryimage\"},\"thumbnailUrl\":\"https:\\\/\\\/camposcorporacion.com\\\/wp-content\\\/uploads\\\/2023\\\/07\\\/campos-memoria-responsabilidad-social-2022.jpg\",\"articleSection\":[\"Noticias corporativas\"],\"inLanguage\":\"en-US\"},{\"@type\":\"WebPage\",\"@id\":\"https:\\\/\\\/camposcorporacion.com\\\/publicamos-nuestra-memoria-de-responsabilidad-social-corporativa-2022\\\/\",\"url\":\"https:\\\/\\\/camposcorporacion.com\\\/publicamos-nuestra-memoria-de-responsabilidad-social-corporativa-2022\\\/\",\"name\":\"Publicamos nuestra memoria de Responsabilidad Social Corporativa 2022\",\"isPartOf\":{\"@id\":\"https:\\\/\\\/camposcorporacion.com\\\/#website\"},\"primaryImageOfPage\":{\"@id\":\"https:\\\/\\\/camposcorporacion.com\\\/publicamos-nuestra-memoria-de-responsabilidad-social-corporativa-2022\\\/#primaryimage\"},\"image\":{\"@id\":\"https:\\\/\\\/camposcorporacion.com\\\/publicamos-nuestra-memoria-de-responsabilidad-social-corporativa-2022\\\/#primaryimage\"},\"thumbnailUrl\":\"https:\\\/\\\/camposcorporacion.com\\\/wp-content\\\/uploads\\\/2023\\\/07\\\/campos-memoria-responsabilidad-social-2022.jpg\",\"datePublished\":\"2023-07-25T05:54:09+00:00\",\"dateModified\":\"2023-07-26T04:51:07+00:00\",\"description\":\"Publicamos nuestra memoria de Responsabilidad Social Corporativa 2022, basada en Estado de Informaci\u00f3n No Financiera del grupo.\",\"inLanguage\":\"en-US\",\"potentialAction\":[{\"@type\":\"ReadAction\",\"target\":[\"https:\\\/\\\/camposcorporacion.com\\\/publicamos-nuestra-memoria-de-responsabilidad-social-corporativa-2022\\\/\"]}]},{\"@type\":\"ImageObject\",\"inLanguage\":\"en-US\",\"@id\":\"https:\\\/\\\/camposcorporacion.com\\\/publicamos-nuestra-memoria-de-responsabilidad-social-corporativa-2022\\\/#primaryimage\",\"url\":\"https:\\\/\\\/camposcorporacion.com\\\/wp-content\\\/uploads\\\/2023\\\/07\\\/campos-memoria-responsabilidad-social-2022.jpg\",\"contentUrl\":\"https:\\\/\\\/camposcorporacion.com\\\/wp-content\\\/uploads\\\/2023\\\/07\\\/campos-memoria-responsabilidad-social-2022.jpg\",\"width\":2136,\"height\":1117,\"caption\":\"campos-memoria-responsabilidad-social-2022\"},{\"@type\":\"WebSite\",\"@id\":\"https:\\\/\\\/camposcorporacion.com\\\/#website\",\"url\":\"https:\\\/\\\/camposcorporacion.com\\\/\",\"name\":\"Campos\",\"description\":\"\",\"publisher\":{\"@id\":\"https:\\\/\\\/camposcorporacion.com\\\/#organization\"},\"potentialAction\":[{\"@type\":\"SearchAction\",\"target\":{\"@type\":\"EntryPoint\",\"urlTemplate\":\"https:\\\/\\\/camposcorporacion.com\\\/?s={search_term_string}\"},\"query-input\":{\"@type\":\"PropertyValueSpecification\",\"valueRequired\":true,\"valueName\":\"search_term_string\"}}],\"inLanguage\":\"en-US\"},{\"@type\":\"Organization\",\"@id\":\"https:\\\/\\\/camposcorporacion.com\\\/#organization\",\"name\":\"Campos Corporaci\u00f3n\",\"alternateName\":\"Campos\",\"url\":\"https:\\\/\\\/camposcorporacion.com\\\/\",\"logo\":{\"@type\":\"ImageObject\",\"inLanguage\":\"en-US\",\"@id\":\"https:\\\/\\\/camposcorporacion.com\\\/#\\\/schema\\\/logo\\\/image\\\/\",\"url\":\"https:\\\/\\\/camposcorporacion.com\\\/wp-content\\\/uploads\\\/2026\\\/03\\\/campos-yoast.png\",\"contentUrl\":\"https:\\\/\\\/camposcorporacion.com\\\/wp-content\\\/uploads\\\/2026\\\/03\\\/campos-yoast.png\",\"width\":696,\"height\":696,\"caption\":\"Campos Corporaci\u00f3n\"},\"image\":{\"@id\":\"https:\\\/\\\/camposcorporacion.com\\\/#\\\/schema\\\/logo\\\/image\\\/\"}},{\"@type\":\"Person\",\"@id\":\"https:\\\/\\\/camposcorporacion.com\\\/#\\\/schema\\\/person\\\/28c4749bffada975dd2d764fd4efd894\",\"name\":\"Campos\",\"image\":{\"@type\":\"ImageObject\",\"inLanguage\":\"en-US\",\"@id\":\"https:\\\/\\\/secure.gravatar.com\\\/avatar\\\/348e3148e60a9d417f4c7f711aaf87be299fbcf0e73ff7db0a825e5c3ff7d166?s=96&d=mm&r=g\",\"url\":\"https:\\\/\\\/secure.gravatar.com\\\/avatar\\\/348e3148e60a9d417f4c7f711aaf87be299fbcf0e73ff7db0a825e5c3ff7d166?s=96&d=mm&r=g\",\"contentUrl\":\"https:\\\/\\\/secure.gravatar.com\\\/avatar\\\/348e3148e60a9d417f4c7f711aaf87be299fbcf0e73ff7db0a825e5c3ff7d166?s=96&d=mm&r=g\",\"caption\":\"Campos\"}}]}<\/script>\n<!-- \/ Yoast SEO plugin. -->","yoast_head_json":{"title":"Publicamos nuestra memoria de Responsabilidad Social Corporativa 2022","description":"Publicamos nuestra memoria de Responsabilidad Social Corporativa 2022, basada en Estado de Informaci\u00f3n No Financiera del grupo.","robots":{"index":"index","follow":"follow","max-snippet":"max-snippet:-1","max-image-preview":"max-image-preview:large","max-video-preview":"max-video-preview:-1"},"canonical":"https:\/\/camposcorporacion.com\/publicamos-nuestra-memoria-de-responsabilidad-social-corporativa-2022\/","og_locale":"en_US","og_type":"article","og_title":"Publicamos nuestra memoria de Responsabilidad Social Corporativa 2022","og_description":"Publicamos nuestra memoria de Responsabilidad Social Corporativa 2022, basada en Estado de Informaci\u00f3n No Financiera del grupo.","og_url":"https:\/\/camposcorporacion.com\/publicamos-nuestra-memoria-de-responsabilidad-social-corporativa-2022\/","og_site_name":"Campos","article_published_time":"2023-07-25T05:54:09+00:00","article_modified_time":"2023-07-26T04:51:07+00:00","og_image":[{"width":2136,"height":1117,"url":"https:\/\/camposcorporacion.com\/wp-content\/uploads\/2023\/07\/campos-memoria-responsabilidad-social-2022.jpg","type":"image\/jpeg"}],"author":"Campos","twitter_card":"summary_large_image","twitter_misc":{"Written by":"Campos","Est. reading time":"3 minutes"},"schema":{"@context":"https:\/\/schema.org","@graph":[{"@type":"Article","@id":"https:\/\/camposcorporacion.com\/publicamos-nuestra-memoria-de-responsabilidad-social-corporativa-2022\/#article","isPartOf":{"@id":"https:\/\/camposcorporacion.com\/publicamos-nuestra-memoria-de-responsabilidad-social-corporativa-2022\/"},"author":{"name":"Campos","@id":"https:\/\/camposcorporacion.com\/#\/schema\/person\/28c4749bffada975dd2d764fd4efd894"},"headline":"Publicamos nuestra Memoria de Responsabilidad Social Corporativa 2022","datePublished":"2023-07-25T05:54:09+00:00","dateModified":"2023-07-26T04:51:07+00:00","mainEntityOfPage":{"@id":"https:\/\/camposcorporacion.com\/publicamos-nuestra-memoria-de-responsabilidad-social-corporativa-2022\/"},"wordCount":383,"publisher":{"@id":"https:\/\/camposcorporacion.com\/#organization"},"image":{"@id":"https:\/\/camposcorporacion.com\/publicamos-nuestra-memoria-de-responsabilidad-social-corporativa-2022\/#primaryimage"},"thumbnailUrl":"https:\/\/camposcorporacion.com\/wp-content\/uploads\/2023\/07\/campos-memoria-responsabilidad-social-2022.jpg","articleSection":["Noticias corporativas"],"inLanguage":"en-US"},{"@type":"WebPage","@id":"https:\/\/camposcorporacion.com\/publicamos-nuestra-memoria-de-responsabilidad-social-corporativa-2022\/","url":"https:\/\/camposcorporacion.com\/publicamos-nuestra-memoria-de-responsabilidad-social-corporativa-2022\/","name":"Publicamos nuestra memoria de Responsabilidad Social Corporativa 2022","isPartOf":{"@id":"https:\/\/camposcorporacion.com\/#website"},"primaryImageOfPage":{"@id":"https:\/\/camposcorporacion.com\/publicamos-nuestra-memoria-de-responsabilidad-social-corporativa-2022\/#primaryimage"},"image":{"@id":"https:\/\/camposcorporacion.com\/publicamos-nuestra-memoria-de-responsabilidad-social-corporativa-2022\/#primaryimage"},"thumbnailUrl":"https:\/\/camposcorporacion.com\/wp-content\/uploads\/2023\/07\/campos-memoria-responsabilidad-social-2022.jpg","datePublished":"2023-07-25T05:54:09+00:00","dateModified":"2023-07-26T04:51:07+00:00","description":"Publicamos nuestra memoria de Responsabilidad Social Corporativa 2022, basada en Estado de Informaci\u00f3n No Financiera del grupo.","inLanguage":"en-US","potentialAction":[{"@type":"ReadAction","target":["https:\/\/camposcorporacion.com\/publicamos-nuestra-memoria-de-responsabilidad-social-corporativa-2022\/"]}]},{"@type":"ImageObject","inLanguage":"en-US","@id":"https:\/\/camposcorporacion.com\/publicamos-nuestra-memoria-de-responsabilidad-social-corporativa-2022\/#primaryimage","url":"https:\/\/camposcorporacion.com\/wp-content\/uploads\/2023\/07\/campos-memoria-responsabilidad-social-2022.jpg","contentUrl":"https:\/\/camposcorporacion.com\/wp-content\/uploads\/2023\/07\/campos-memoria-responsabilidad-social-2022.jpg","width":2136,"height":1117,"caption":"campos-memoria-responsabilidad-social-2022"},{"@type":"WebSite","@id":"https:\/\/camposcorporacion.com\/#website","url":"https:\/\/camposcorporacion.com\/","name":"Campos","description":"","publisher":{"@id":"https:\/\/camposcorporacion.com\/#organization"},"potentialAction":[{"@type":"SearchAction","target":{"@type":"EntryPoint","urlTemplate":"https:\/\/camposcorporacion.com\/?s={search_term_string}"},"query-input":{"@type":"PropertyValueSpecification","valueRequired":true,"valueName":"search_term_string"}}],"inLanguage":"en-US"},{"@type":"Organization","@id":"https:\/\/camposcorporacion.com\/#organization","name":"Campos Corporaci\u00f3n","alternateName":"Campos","url":"https:\/\/camposcorporacion.com\/","logo":{"@type":"ImageObject","inLanguage":"en-US","@id":"https:\/\/camposcorporacion.com\/#\/schema\/logo\/image\/","url":"https:\/\/camposcorporacion.com\/wp-content\/uploads\/2026\/03\/campos-yoast.png","contentUrl":"https:\/\/camposcorporacion.com\/wp-content\/uploads\/2026\/03\/campos-yoast.png","width":696,"height":696,"caption":"Campos Corporaci\u00f3n"},"image":{"@id":"https:\/\/camposcorporacion.com\/#\/schema\/logo\/image\/"}},{"@type":"Person","@id":"https:\/\/camposcorporacion.com\/#\/schema\/person\/28c4749bffada975dd2d764fd4efd894","name":"Campos","image":{"@type":"ImageObject","inLanguage":"en-US","@id":"https:\/\/secure.gravatar.com\/avatar\/348e3148e60a9d417f4c7f711aaf87be299fbcf0e73ff7db0a825e5c3ff7d166?s=96&d=mm&r=g","url":"https:\/\/secure.gravatar.com\/avatar\/348e3148e60a9d417f4c7f711aaf87be299fbcf0e73ff7db0a825e5c3ff7d166?s=96&d=mm&r=g","contentUrl":"https:\/\/secure.gravatar.com\/avatar\/348e3148e60a9d417f4c7f711aaf87be299fbcf0e73ff7db0a825e5c3ff7d166?s=96&d=mm&r=g","caption":"Campos"}}]}},"_links":{"self":[{"href":"https:\/\/camposcorporacion.com\/en\/wp-json\/wp\/v2\/posts\/17085","targetHints":{"allow":["GET"]}}],"collection":[{"href":"https:\/\/camposcorporacion.com\/en\/wp-json\/wp\/v2\/posts"}],"about":[{"href":"https:\/\/camposcorporacion.com\/en\/wp-json\/wp\/v2\/types\/post"}],"author":[{"embeddable":true,"href":"https:\/\/camposcorporacion.com\/en\/wp-json\/wp\/v2\/users\/2"}],"replies":[{"embeddable":true,"href":"https:\/\/camposcorporacion.com\/en\/wp-json\/wp\/v2\/comments?post=17085"}],"version-history":[{"count":0,"href":"https:\/\/camposcorporacion.com\/en\/wp-json\/wp\/v2\/posts\/17085\/revisions"}],"wp:featuredmedia":[{"embeddable":true,"href":"https:\/\/camposcorporacion.com\/en\/wp-json\/wp\/v2\/media\/17086"}],"wp:attachment":[{"href":"https:\/\/camposcorporacion.com\/en\/wp-json\/wp\/v2\/media?parent=17085"}],"wp:term":[{"taxonomy":"category","embeddable":true,"href":"https:\/\/camposcorporacion.com\/en\/wp-json\/wp\/v2\/categories?post=17085"},{"taxonomy":"post_tag","embeddable":true,"href":"https:\/\/camposcorporacion.com\/en\/wp-json\/wp\/v2\/tags?post=17085"}],"curies":[{"name":"wp","href":"https:\/\/api.w.org\/{rel}","templated":true}]}}