{"id":16913,"date":"2023-07-20T05:56:53","date_gmt":"2023-07-20T05:56:53","guid":{"rendered":"https:\/\/camposcorporacion.com\/?p=16913"},"modified":"2023-07-20T06:28:05","modified_gmt":"2023-07-20T06:28:05","slug":"campos-y-asprona-dan-un-paso-mas-hacia-la-inclusion-laboral-con-una-nueva-contratacion","status":"publish","type":"post","link":"https:\/\/camposcorporacion.com\/en\/campos-y-asprona-dan-un-paso-mas-hacia-la-inclusion-laboral-con-una-nueva-contratacion\/","title":{"rendered":"Campos y ASPRONA dan un paso m\u00e1s hacia la inclusi\u00f3n laboral con una nueva contrataci\u00f3n"},"content":{"rendered":"<p><strong>Campos<\/strong> se ha apoyado en <strong>ASPRONA<\/strong> para impulsar la <strong>inclusi\u00f3n social y laboral de las Personas con Discapacidad Intelectual o del Desarrollo (PCDID) de Albacete<\/strong>. Gracias a esta colaboraci\u00f3n, <strong>Margarita Arias se ha incorporado a la plantilla de Campos<\/strong>, asumiendo funciones de administraci\u00f3n en el departamento de documentaci\u00f3n.<\/p>\n<p>As\u00ed, Margarita ha entrado a formar parte del <strong>equipo de documentaci\u00f3n<\/strong>, donde trabaja como t\u00e9cnico, abordando tareas administrativas y de ofim\u00e1tica. El departamento cuenta ya con m\u00e1s de 5 personas y es un departamento donde el <strong>trabajo en equipo y la comunicaci\u00f3n es fundamental<\/strong> para el buen desarrollo del trabajo.<\/p>\n<h4><span style=\"color: #00a98f;\"><strong>Colaboraci\u00f3n de Campos y ASPRONA para la inclusi\u00f3n laboral<\/strong><\/span><\/h4>\n<p><strong>Campos y el servicio de Capacitaci\u00f3n de ASPRONA han colaborado juntos en todas las fases del proceso<\/strong>. Inicialmente se realiz\u00f3 la selecci\u00f3n de perfiles, posteriormente se formaliz\u00f3 la contrataci\u00f3n y actualmente tanto la compa\u00f1\u00eda, como la asociaci\u00f3n ofrecen a Margarita apoyo en cualquier duda o incidencia que pueda surgir en las funciones de su d\u00eda a d\u00eda.<\/p>\n<p><img loading=\"lazy\" decoding=\"async\" class=\"aligncenter wp-image-16916 size-large\" src=\"https:\/\/camposcorporacion.com\/wp-content\/uploads\/2023\/07\/Campos-inclusion-laboral-2-1024x535.jpg\" alt=\"Campos - inclusi\u00f3n laboral\" width=\"1024\" height=\"535\" srcset=\"https:\/\/camposcorporacion.com\/wp-content\/uploads\/2023\/07\/Campos-inclusion-laboral-2-1024x535.jpg 1024w, https:\/\/camposcorporacion.com\/wp-content\/uploads\/2023\/07\/Campos-inclusion-laboral-2-300x157.jpg 300w, https:\/\/camposcorporacion.com\/wp-content\/uploads\/2023\/07\/Campos-inclusion-laboral-2-768x402.jpg 768w, https:\/\/camposcorporacion.com\/wp-content\/uploads\/2023\/07\/Campos-inclusion-laboral-2-1536x803.jpg 1536w, https:\/\/camposcorporacion.com\/wp-content\/uploads\/2023\/07\/Campos-inclusion-laboral-2-2048x1071.jpg 2048w\" sizes=\"auto, (max-width: 1024px) 100vw, 1024px\" \/><\/p>\n<p style=\"text-align: center;\"><em>De izquierda a derecha, Nuria Avil\u00e9s, preparadora laboral del servicio de Capacitaci\u00f3n; Mar\u00eda Dolores Olivares, vicepresidenta de ASPRONA; Cristina Sevilla, responsable de Recursos Humanos de Campos y Olga Hern\u00e1n, responsable de Documentaci\u00f3n<\/em><\/p>\n<p>En este caso, <a href=\"https:\/\/camposcorporacion.com\/\" target=\"_blank\" rel=\"noopener\">Campos<\/a> se ha apoyado en ASPRONA para impulsar la inclusi\u00f3n social y laboral de las PCDID de Albacete, colectivo que constituye una fuente de talento muchas veces desaprovechada en el \u00e1mbito laboral.<\/p>\n<h4><span style=\"color: #00a98f;\"><strong>Plan de RSC de Campos<\/strong><\/span><\/h4>\n<p>Esta acci\u00f3n se enmarca dentro del <strong>plan de Responsabilidad Social Corporativa de la compa\u00f1\u00eda<\/strong>, que tiene como principales pilares las relaciones laborales y sociales, as\u00ed como el medio ambiente. Mediante este tipo de iniciativas, Campos busca promover y gestionar la <strong>diversidad e inclusi\u00f3n<\/strong> dentro y fuera del entorno laboral.<\/p>\n<p>Desde <a href=\"https:\/\/www.asprona.org\/\" target=\"_blank\" rel=\"noopener\">ASPRONA<\/a> agradecen la oportunidad que ha brindado a Margarita ya que esta contrataci\u00f3n es muy importante porque le da la oportunidad de trabajar en igualdad de condiciones. Este tipo de iniciativas que fomentan la inclusi\u00f3n laboral son un gran ejemplo para otras compa\u00f1\u00edas y esperamos que, en un futuro, sean m\u00e1s las empresas que <span style=\"text-decoration: line-through;\">s<\/span>igan los pasos de Campos.<\/p>\n<p>El servicio de Capacitaci\u00f3n est\u00e1 cofinanciado por el Fondo Social Europeo + en el marco del Programa Operativo FSE+ 2021-2027 de Castilla-La Mancha.<\/p>\n<p><img loading=\"lazy\" decoding=\"async\" class=\"aligncenter wp-image-16920 size-large\" src=\"https:\/\/camposcorporacion.com\/wp-content\/uploads\/2023\/07\/Campos-inclusion-laboral-3-1024x535.jpg\" alt=\"Campos - inclusi\u00f3n laboral\" width=\"1024\" height=\"535\" srcset=\"https:\/\/camposcorporacion.com\/wp-content\/uploads\/2023\/07\/Campos-inclusion-laboral-3-1024x535.jpg 1024w, https:\/\/camposcorporacion.com\/wp-content\/uploads\/2023\/07\/Campos-inclusion-laboral-3-300x157.jpg 300w, https:\/\/camposcorporacion.com\/wp-content\/uploads\/2023\/07\/Campos-inclusion-laboral-3-768x402.jpg 768w, https:\/\/camposcorporacion.com\/wp-content\/uploads\/2023\/07\/Campos-inclusion-laboral-3-1536x803.jpg 1536w, https:\/\/camposcorporacion.com\/wp-content\/uploads\/2023\/07\/Campos-inclusion-laboral-3-2048x1071.jpg 2048w\" sizes=\"auto, (max-width: 1024px) 100vw, 1024px\" \/><\/p>\n<p style=\"text-align: center;\"><em>Equipo de documentaci\u00f3n<\/em><\/p>\n<h4><span style=\"color: #00a98f;\">Noticias relacionadas<\/span><\/h4>\n<ul>\n<li>La Cerca:\u00a0<a href=\"https:\/\/www.lacerca.com\/noticias\/albacete\/campos-asprona-dan-hacia-inclusion-laboral-nueva-contratacion-674049-1.html\" target=\"_blank\" rel=\"noopener\">Campos y ASPRONA dan un paso m\u00e1s hacia la inclusi\u00f3n laboral con una nueva contrataci\u00f3n<\/a><\/li>\n<li>Albacete Abierto: <a href=\"https:\/\/www.albaceteabierto.es\/noticia\/60108\/albacete\/campos-y-asprona-dan-un-paso-mas-hacia-la-inclusion-laboral-en-albacete-con-una-nueva-contratacion.html\" target=\"_blank\" rel=\"noopener\">Campos y ASPRONA dan un paso m\u00e1s hacia la inclusi\u00f3n laboral en Albacete con una nueva contrataci\u00f3n<\/a><\/li>\n<\/ul>\n","protected":false},"excerpt":{"rendered":"<p>Campos se ha apoyado en ASPRONA para impulsar la inclusi\u00f3n social y laboral de las Personas con Discapacidad Intelectual o [&hellip;]<\/p>\n","protected":false},"author":2,"featured_media":16918,"comment_status":"closed","ping_status":"closed","sticky":false,"template":"","format":"standard","meta":{"footnotes":""},"categories":[85],"tags":[],"class_list":["post-16913","post","type-post","status-publish","format-standard","has-post-thumbnail","hentry","category-noticias-corporativas"],"yoast_head":"<!-- This site is optimized with the Yoast SEO plugin v27.3 - https:\/\/yoast.com\/product\/yoast-seo-wordpress\/ -->\n<title>Campos y ASPRONA dan un paso m\u00e1s hacia la inclusi\u00f3n laboral<\/title>\n<meta name=\"robots\" content=\"index, follow, max-snippet:-1, max-image-preview:large, max-video-preview:-1\" \/>\n<link rel=\"canonical\" href=\"https:\/\/camposcorporacion.com\/campos-y-asprona-dan-un-paso-mas-hacia-la-inclusion-laboral-con-una-nueva-contratacion\/\" \/>\n<meta property=\"og:locale\" content=\"en_US\" \/>\n<meta property=\"og:type\" content=\"article\" \/>\n<meta property=\"og:title\" content=\"Campos y ASPRONA dan un paso m\u00e1s hacia la inclusi\u00f3n laboral\" \/>\n<meta property=\"og:description\" content=\"Campos se ha apoyado en ASPRONA para impulsar la inclusi\u00f3n social y laboral de las Personas con Discapacidad Intelectual o [&hellip;]\" \/>\n<meta property=\"og:url\" content=\"https:\/\/camposcorporacion.com\/campos-y-asprona-dan-un-paso-mas-hacia-la-inclusion-laboral-con-una-nueva-contratacion\/\" \/>\n<meta property=\"og:site_name\" content=\"Campos\" \/>\n<meta property=\"article:published_time\" content=\"2023-07-20T05:56:53+00:00\" \/>\n<meta property=\"article:modified_time\" content=\"2023-07-20T06:28:05+00:00\" \/>\n<meta property=\"og:image\" content=\"https:\/\/camposcorporacion.com\/wp-content\/uploads\/2023\/07\/Campos-inclusion-laboral-1-scaled.jpg\" \/>\n\t<meta property=\"og:image:width\" content=\"2560\" \/>\n\t<meta property=\"og:image:height\" content=\"1338\" \/>\n\t<meta property=\"og:image:type\" content=\"image\/jpeg\" \/>\n<meta name=\"author\" content=\"Campos\" \/>\n<meta name=\"twitter:card\" content=\"summary_large_image\" \/>\n<meta name=\"twitter:label1\" content=\"Written by\" \/>\n\t<meta name=\"twitter:data1\" content=\"Campos\" \/>\n\t<meta name=\"twitter:label2\" content=\"Est. reading time\" \/>\n\t<meta name=\"twitter:data2\" content=\"3 minutes\" \/>\n<script type=\"application\/ld+json\" class=\"yoast-schema-graph\">{\"@context\":\"https:\\\/\\\/schema.org\",\"@graph\":[{\"@type\":\"Article\",\"@id\":\"https:\\\/\\\/camposcorporacion.com\\\/campos-y-asprona-dan-un-paso-mas-hacia-la-inclusion-laboral-con-una-nueva-contratacion\\\/#article\",\"isPartOf\":{\"@id\":\"https:\\\/\\\/camposcorporacion.com\\\/campos-y-asprona-dan-un-paso-mas-hacia-la-inclusion-laboral-con-una-nueva-contratacion\\\/\"},\"author\":{\"name\":\"Campos\",\"@id\":\"https:\\\/\\\/camposcorporacion.com\\\/#\\\/schema\\\/person\\\/28c4749bffada975dd2d764fd4efd894\"},\"headline\":\"Campos y ASPRONA dan un paso m\u00e1s hacia la inclusi\u00f3n laboral con una nueva contrataci\u00f3n\",\"datePublished\":\"2023-07-20T05:56:53+00:00\",\"dateModified\":\"2023-07-20T06:28:05+00:00\",\"mainEntityOfPage\":{\"@id\":\"https:\\\/\\\/camposcorporacion.com\\\/campos-y-asprona-dan-un-paso-mas-hacia-la-inclusion-laboral-con-una-nueva-contratacion\\\/\"},\"wordCount\":464,\"publisher\":{\"@id\":\"https:\\\/\\\/camposcorporacion.com\\\/#organization\"},\"image\":{\"@id\":\"https:\\\/\\\/camposcorporacion.com\\\/campos-y-asprona-dan-un-paso-mas-hacia-la-inclusion-laboral-con-una-nueva-contratacion\\\/#primaryimage\"},\"thumbnailUrl\":\"https:\\\/\\\/camposcorporacion.com\\\/wp-content\\\/uploads\\\/2023\\\/07\\\/Campos-inclusion-laboral-1-scaled.jpg\",\"articleSection\":[\"Noticias corporativas\"],\"inLanguage\":\"en-US\"},{\"@type\":\"WebPage\",\"@id\":\"https:\\\/\\\/camposcorporacion.com\\\/campos-y-asprona-dan-un-paso-mas-hacia-la-inclusion-laboral-con-una-nueva-contratacion\\\/\",\"url\":\"https:\\\/\\\/camposcorporacion.com\\\/campos-y-asprona-dan-un-paso-mas-hacia-la-inclusion-laboral-con-una-nueva-contratacion\\\/\",\"name\":\"Campos y ASPRONA dan un paso m\u00e1s hacia la inclusi\u00f3n laboral\",\"isPartOf\":{\"@id\":\"https:\\\/\\\/camposcorporacion.com\\\/#website\"},\"primaryImageOfPage\":{\"@id\":\"https:\\\/\\\/camposcorporacion.com\\\/campos-y-asprona-dan-un-paso-mas-hacia-la-inclusion-laboral-con-una-nueva-contratacion\\\/#primaryimage\"},\"image\":{\"@id\":\"https:\\\/\\\/camposcorporacion.com\\\/campos-y-asprona-dan-un-paso-mas-hacia-la-inclusion-laboral-con-una-nueva-contratacion\\\/#primaryimage\"},\"thumbnailUrl\":\"https:\\\/\\\/camposcorporacion.com\\\/wp-content\\\/uploads\\\/2023\\\/07\\\/Campos-inclusion-laboral-1-scaled.jpg\",\"datePublished\":\"2023-07-20T05:56:53+00:00\",\"dateModified\":\"2023-07-20T06:28:05+00:00\",\"inLanguage\":\"en-US\",\"potentialAction\":[{\"@type\":\"ReadAction\",\"target\":[\"https:\\\/\\\/camposcorporacion.com\\\/campos-y-asprona-dan-un-paso-mas-hacia-la-inclusion-laboral-con-una-nueva-contratacion\\\/\"]}]},{\"@type\":\"ImageObject\",\"inLanguage\":\"en-US\",\"@id\":\"https:\\\/\\\/camposcorporacion.com\\\/campos-y-asprona-dan-un-paso-mas-hacia-la-inclusion-laboral-con-una-nueva-contratacion\\\/#primaryimage\",\"url\":\"https:\\\/\\\/camposcorporacion.com\\\/wp-content\\\/uploads\\\/2023\\\/07\\\/Campos-inclusion-laboral-1-scaled.jpg\",\"contentUrl\":\"https:\\\/\\\/camposcorporacion.com\\\/wp-content\\\/uploads\\\/2023\\\/07\\\/Campos-inclusion-laboral-1-scaled.jpg\",\"width\":2560,\"height\":1338,\"caption\":\"Campos - inclusi\u00f3n laboral\"},{\"@type\":\"WebSite\",\"@id\":\"https:\\\/\\\/camposcorporacion.com\\\/#website\",\"url\":\"https:\\\/\\\/camposcorporacion.com\\\/\",\"name\":\"Campos\",\"description\":\"\",\"publisher\":{\"@id\":\"https:\\\/\\\/camposcorporacion.com\\\/#organization\"},\"potentialAction\":[{\"@type\":\"SearchAction\",\"target\":{\"@type\":\"EntryPoint\",\"urlTemplate\":\"https:\\\/\\\/camposcorporacion.com\\\/?s={search_term_string}\"},\"query-input\":{\"@type\":\"PropertyValueSpecification\",\"valueRequired\":true,\"valueName\":\"search_term_string\"}}],\"inLanguage\":\"en-US\"},{\"@type\":\"Organization\",\"@id\":\"https:\\\/\\\/camposcorporacion.com\\\/#organization\",\"name\":\"Campos Corporaci\u00f3n\",\"alternateName\":\"Campos\",\"url\":\"https:\\\/\\\/camposcorporacion.com\\\/\",\"logo\":{\"@type\":\"ImageObject\",\"inLanguage\":\"en-US\",\"@id\":\"https:\\\/\\\/camposcorporacion.com\\\/#\\\/schema\\\/logo\\\/image\\\/\",\"url\":\"https:\\\/\\\/camposcorporacion.com\\\/wp-content\\\/uploads\\\/2026\\\/03\\\/campos-yoast.png\",\"contentUrl\":\"https:\\\/\\\/camposcorporacion.com\\\/wp-content\\\/uploads\\\/2026\\\/03\\\/campos-yoast.png\",\"width\":696,\"height\":696,\"caption\":\"Campos Corporaci\u00f3n\"},\"image\":{\"@id\":\"https:\\\/\\\/camposcorporacion.com\\\/#\\\/schema\\\/logo\\\/image\\\/\"}},{\"@type\":\"Person\",\"@id\":\"https:\\\/\\\/camposcorporacion.com\\\/#\\\/schema\\\/person\\\/28c4749bffada975dd2d764fd4efd894\",\"name\":\"Campos\",\"image\":{\"@type\":\"ImageObject\",\"inLanguage\":\"en-US\",\"@id\":\"https:\\\/\\\/secure.gravatar.com\\\/avatar\\\/348e3148e60a9d417f4c7f711aaf87be299fbcf0e73ff7db0a825e5c3ff7d166?s=96&d=mm&r=g\",\"url\":\"https:\\\/\\\/secure.gravatar.com\\\/avatar\\\/348e3148e60a9d417f4c7f711aaf87be299fbcf0e73ff7db0a825e5c3ff7d166?s=96&d=mm&r=g\",\"contentUrl\":\"https:\\\/\\\/secure.gravatar.com\\\/avatar\\\/348e3148e60a9d417f4c7f711aaf87be299fbcf0e73ff7db0a825e5c3ff7d166?s=96&d=mm&r=g\",\"caption\":\"Campos\"}}]}<\/script>\n<!-- \/ Yoast SEO plugin. -->","yoast_head_json":{"title":"Campos y ASPRONA dan un paso m\u00e1s hacia la inclusi\u00f3n laboral","robots":{"index":"index","follow":"follow","max-snippet":"max-snippet:-1","max-image-preview":"max-image-preview:large","max-video-preview":"max-video-preview:-1"},"canonical":"https:\/\/camposcorporacion.com\/campos-y-asprona-dan-un-paso-mas-hacia-la-inclusion-laboral-con-una-nueva-contratacion\/","og_locale":"en_US","og_type":"article","og_title":"Campos y ASPRONA dan un paso m\u00e1s hacia la inclusi\u00f3n laboral","og_description":"Campos se ha apoyado en ASPRONA para impulsar la inclusi\u00f3n social y laboral de las Personas con Discapacidad Intelectual o [&hellip;]","og_url":"https:\/\/camposcorporacion.com\/campos-y-asprona-dan-un-paso-mas-hacia-la-inclusion-laboral-con-una-nueva-contratacion\/","og_site_name":"Campos","article_published_time":"2023-07-20T05:56:53+00:00","article_modified_time":"2023-07-20T06:28:05+00:00","og_image":[{"width":2560,"height":1338,"url":"https:\/\/camposcorporacion.com\/wp-content\/uploads\/2023\/07\/Campos-inclusion-laboral-1-scaled.jpg","type":"image\/jpeg"}],"author":"Campos","twitter_card":"summary_large_image","twitter_misc":{"Written by":"Campos","Est. reading time":"3 minutes"},"schema":{"@context":"https:\/\/schema.org","@graph":[{"@type":"Article","@id":"https:\/\/camposcorporacion.com\/campos-y-asprona-dan-un-paso-mas-hacia-la-inclusion-laboral-con-una-nueva-contratacion\/#article","isPartOf":{"@id":"https:\/\/camposcorporacion.com\/campos-y-asprona-dan-un-paso-mas-hacia-la-inclusion-laboral-con-una-nueva-contratacion\/"},"author":{"name":"Campos","@id":"https:\/\/camposcorporacion.com\/#\/schema\/person\/28c4749bffada975dd2d764fd4efd894"},"headline":"Campos y ASPRONA dan un paso m\u00e1s hacia la inclusi\u00f3n laboral con una nueva contrataci\u00f3n","datePublished":"2023-07-20T05:56:53+00:00","dateModified":"2023-07-20T06:28:05+00:00","mainEntityOfPage":{"@id":"https:\/\/camposcorporacion.com\/campos-y-asprona-dan-un-paso-mas-hacia-la-inclusion-laboral-con-una-nueva-contratacion\/"},"wordCount":464,"publisher":{"@id":"https:\/\/camposcorporacion.com\/#organization"},"image":{"@id":"https:\/\/camposcorporacion.com\/campos-y-asprona-dan-un-paso-mas-hacia-la-inclusion-laboral-con-una-nueva-contratacion\/#primaryimage"},"thumbnailUrl":"https:\/\/camposcorporacion.com\/wp-content\/uploads\/2023\/07\/Campos-inclusion-laboral-1-scaled.jpg","articleSection":["Noticias corporativas"],"inLanguage":"en-US"},{"@type":"WebPage","@id":"https:\/\/camposcorporacion.com\/campos-y-asprona-dan-un-paso-mas-hacia-la-inclusion-laboral-con-una-nueva-contratacion\/","url":"https:\/\/camposcorporacion.com\/campos-y-asprona-dan-un-paso-mas-hacia-la-inclusion-laboral-con-una-nueva-contratacion\/","name":"Campos y ASPRONA dan un paso m\u00e1s hacia la inclusi\u00f3n laboral","isPartOf":{"@id":"https:\/\/camposcorporacion.com\/#website"},"primaryImageOfPage":{"@id":"https:\/\/camposcorporacion.com\/campos-y-asprona-dan-un-paso-mas-hacia-la-inclusion-laboral-con-una-nueva-contratacion\/#primaryimage"},"image":{"@id":"https:\/\/camposcorporacion.com\/campos-y-asprona-dan-un-paso-mas-hacia-la-inclusion-laboral-con-una-nueva-contratacion\/#primaryimage"},"thumbnailUrl":"https:\/\/camposcorporacion.com\/wp-content\/uploads\/2023\/07\/Campos-inclusion-laboral-1-scaled.jpg","datePublished":"2023-07-20T05:56:53+00:00","dateModified":"2023-07-20T06:28:05+00:00","inLanguage":"en-US","potentialAction":[{"@type":"ReadAction","target":["https:\/\/camposcorporacion.com\/campos-y-asprona-dan-un-paso-mas-hacia-la-inclusion-laboral-con-una-nueva-contratacion\/"]}]},{"@type":"ImageObject","inLanguage":"en-US","@id":"https:\/\/camposcorporacion.com\/campos-y-asprona-dan-un-paso-mas-hacia-la-inclusion-laboral-con-una-nueva-contratacion\/#primaryimage","url":"https:\/\/camposcorporacion.com\/wp-content\/uploads\/2023\/07\/Campos-inclusion-laboral-1-scaled.jpg","contentUrl":"https:\/\/camposcorporacion.com\/wp-content\/uploads\/2023\/07\/Campos-inclusion-laboral-1-scaled.jpg","width":2560,"height":1338,"caption":"Campos - inclusi\u00f3n laboral"},{"@type":"WebSite","@id":"https:\/\/camposcorporacion.com\/#website","url":"https:\/\/camposcorporacion.com\/","name":"Campos","description":"","publisher":{"@id":"https:\/\/camposcorporacion.com\/#organization"},"potentialAction":[{"@type":"SearchAction","target":{"@type":"EntryPoint","urlTemplate":"https:\/\/camposcorporacion.com\/?s={search_term_string}"},"query-input":{"@type":"PropertyValueSpecification","valueRequired":true,"valueName":"search_term_string"}}],"inLanguage":"en-US"},{"@type":"Organization","@id":"https:\/\/camposcorporacion.com\/#organization","name":"Campos Corporaci\u00f3n","alternateName":"Campos","url":"https:\/\/camposcorporacion.com\/","logo":{"@type":"ImageObject","inLanguage":"en-US","@id":"https:\/\/camposcorporacion.com\/#\/schema\/logo\/image\/","url":"https:\/\/camposcorporacion.com\/wp-content\/uploads\/2026\/03\/campos-yoast.png","contentUrl":"https:\/\/camposcorporacion.com\/wp-content\/uploads\/2026\/03\/campos-yoast.png","width":696,"height":696,"caption":"Campos Corporaci\u00f3n"},"image":{"@id":"https:\/\/camposcorporacion.com\/#\/schema\/logo\/image\/"}},{"@type":"Person","@id":"https:\/\/camposcorporacion.com\/#\/schema\/person\/28c4749bffada975dd2d764fd4efd894","name":"Campos","image":{"@type":"ImageObject","inLanguage":"en-US","@id":"https:\/\/secure.gravatar.com\/avatar\/348e3148e60a9d417f4c7f711aaf87be299fbcf0e73ff7db0a825e5c3ff7d166?s=96&d=mm&r=g","url":"https:\/\/secure.gravatar.com\/avatar\/348e3148e60a9d417f4c7f711aaf87be299fbcf0e73ff7db0a825e5c3ff7d166?s=96&d=mm&r=g","contentUrl":"https:\/\/secure.gravatar.com\/avatar\/348e3148e60a9d417f4c7f711aaf87be299fbcf0e73ff7db0a825e5c3ff7d166?s=96&d=mm&r=g","caption":"Campos"}}]}},"_links":{"self":[{"href":"https:\/\/camposcorporacion.com\/en\/wp-json\/wp\/v2\/posts\/16913","targetHints":{"allow":["GET"]}}],"collection":[{"href":"https:\/\/camposcorporacion.com\/en\/wp-json\/wp\/v2\/posts"}],"about":[{"href":"https:\/\/camposcorporacion.com\/en\/wp-json\/wp\/v2\/types\/post"}],"author":[{"embeddable":true,"href":"https:\/\/camposcorporacion.com\/en\/wp-json\/wp\/v2\/users\/2"}],"replies":[{"embeddable":true,"href":"https:\/\/camposcorporacion.com\/en\/wp-json\/wp\/v2\/comments?post=16913"}],"version-history":[{"count":0,"href":"https:\/\/camposcorporacion.com\/en\/wp-json\/wp\/v2\/posts\/16913\/revisions"}],"wp:featuredmedia":[{"embeddable":true,"href":"https:\/\/camposcorporacion.com\/en\/wp-json\/wp\/v2\/media\/16918"}],"wp:attachment":[{"href":"https:\/\/camposcorporacion.com\/en\/wp-json\/wp\/v2\/media?parent=16913"}],"wp:term":[{"taxonomy":"category","embeddable":true,"href":"https:\/\/camposcorporacion.com\/en\/wp-json\/wp\/v2\/categories?post=16913"},{"taxonomy":"post_tag","embeddable":true,"href":"https:\/\/camposcorporacion.com\/en\/wp-json\/wp\/v2\/tags?post=16913"}],"curies":[{"name":"wp","href":"https:\/\/api.w.org\/{rel}","templated":true}]}}